{"id":133071,"date":"2021-11-16T07:07:47","date_gmt":"2021-11-16T12:07:47","guid":{"rendered":"https:\/\/linitiative.ca\/International\/previsions-meteorologiques-pour-le-mercredi-17-novembre-2021\/"},"modified":"2021-11-16T07:07:47","modified_gmt":"2021-11-16T12:07:47","slug":"previsions-meteorologiques-pour-le-mercredi-17-novembre-2021","status":"publish","type":"post","link":"https:\/\/linitiative.ca\/International\/previsions-meteorologiques-pour-le-mercredi-17-novembre-2021\/","title":{"rendered":"Pr\u00e9visions m\u00e9t\u00e9orologiques pour le mercredi 17 novembre 2021"},"content":{"rendered":"<div>\n<div style=\"margin-bottom:20px;\"><img loading=\"lazy\" decoding=\"async\" width=\"750\" height=\"430\" src=\"https:\/\/linitiative.ca\/International\/wp-content\/uploads\/sites\/23\/2021\/11\/soleil-3-1.jpg\" class=\"attachment-post-thumbnail size-post-thumbnail wp-post-image\" alt=\"\" srcset=\"https:\/\/linitiative.ca\/International\/wp-content\/uploads\/sites\/23\/2021\/11\/soleil-3-1.jpg 750w, http:\/\/www.mapmarrakech.ma\/map\/uploads\/2021\/10\/soleil-3-300x172.jpg 300w\" sizes=\"auto, (max-width: 750px) 100vw, 750px\"><\/div>\n<p>\u2013 Temps assez froid la nuit et la matin\u00e9e sur les reliefs et les Hauts plateaux.<\/p>\n<p>\u2013 Nuages bas fr\u00e9quents sur les plaines atlantiques Nord et Centre avec formations brumeuses par endroits.<\/p>\n<p>\u2013 Passages nuageux sur les provinces Sud avec quelques ond\u00e9es par endroits.<\/p>\n<p>\u2013 Temps passag\u00e8rement nuageux sur l\u2019Atlas et avec risque de quelques gouttes \u00e9parses.<\/p>\n<p>\u2013 Passages nuageux denses sur l\u2019Ouest de la M\u00e9diterran\u00e9e avec pluies ou averses par endroits.<\/p>\n<p>\u2013 Rafales de vents assez fortes sur le Tang\u00e9rois et la M\u00e9diterran\u00e9e.<\/p>\n<p>\u2013 Temp\u00e9ratures minimales de l\u2019ordre de -01\/04\u00b0C sur l\u2019Atlas, 02\/07\u00b0C sur l\u2019Oriental, les versants Sud-Est, le Rif et les plateaux de phosphates, 08\/13\u00b0C sur les plaines Nord et Centre, le Souss, l\u2019extr\u00eame Sud-Est et le Nord-Est des provinces Sud et de 14\/22\u00b0C sur l\u2019Ouest et le Sud des provinces Sahariennes.<\/p>\n<p>\u2013 Temp\u00e9ratures maximales de l\u2019ordre de 10\/16\u00b0C sur les reliefs et les hauts plateaux orientaux, 17\/23\u00b0C sur la M\u00e9diterran\u00e9e, les versants Sud-Est, les plaines Nord et Centre et le Nord des provinces Sud, 24\/30\u00b0C sur le Sud des provinces Sahariennes.<\/p>\n<p>\u2013 Mer agit\u00e9e sur la M\u00e9diterran\u00e9e et sur le D\u00e9troit, agit\u00e9e entre Rabat et Tarfaya et entre Dakhla et Lagouira, peu agit\u00e9e \u00e0 agit\u00e9e ailleurs.<\/p>\n<p>The post <a rel=\"nofollow\" href=\"http:\/\/www.mapmarrakech.ma\/fr\/previsions-meteorologiques-pour-le-mercredi-17-novembre-2021\/\">Pr\u00e9visions m\u00e9t\u00e9orologiques pour le mercredi 17 novembre 2021<\/a> appeared first on <a rel=\"nofollow\" href=\"http:\/\/www.mapmarrakech.ma\/fr\">MapMarrakech<\/a>.<\/p>\n<\/div>\n<p>Auteur: Meriem IGASS<br \/>\n<a href=\"http:\/\/www.mapmarrakech.ma\/fr\/previsions-meteorologiques-pour-le-mercredi-17-novembre-2021\/\">Cliquez ici pour lire l&rsquo;article depuis sa source.<\/a><\/p>\n","protected":false},"excerpt":{"rendered":"<p>\u2013 Temps assez froid la nuit et la matin\u00e9e sur les reliefs et les Hauts plateaux. \u2013 Nuages bas fr\u00e9quents sur les plaines atlantiques Nord et Centre avec formations brumeuses par endroits. \u2013 Passages nuageux sur les provinces Sud avec quelques ond\u00e9es par endroits. \u2013 Temps passag\u00e8rement nuageux sur l\u2019Atlas et avec risque de quelques [&hellip;]<\/p>\n","protected":false},"author":1788,"featured_media":0,"comment_status":"closed","ping_status":"closed","sticky":false,"template":"","format":"standard","meta":{"fifu_image_url":"http:\/\/www.mapmarrakech.ma\/map\/uploads\/2021\/10\/soleil-3.jpg","fifu_image_alt":"Pr\u00e9visions m\u00e9t\u00e9orologiques pour le mercredi 17 novembre 2021","footnotes":""},"categories":[54,76],"tags":[],"class_list":["post-133071","post","type-post","status-publish","format-standard","hentry","category-maroc","category-regions"],"_links":{"self":[{"href":"https:\/\/linitiative.ca\/International\/wp-json\/wp\/v2\/posts\/133071","targetHints":{"allow":["GET"]}}],"collection":[{"href":"https:\/\/linitiative.ca\/International\/wp-json\/wp\/v2\/posts"}],"about":[{"href":"https:\/\/linitiative.ca\/International\/wp-json\/wp\/v2\/types\/post"}],"author":[{"embeddable":true,"href":"https:\/\/linitiative.ca\/International\/wp-json\/wp\/v2\/users\/1788"}],"replies":[{"embeddable":true,"href":"https:\/\/linitiative.ca\/International\/wp-json\/wp\/v2\/comments?post=133071"}],"version-history":[{"count":0,"href":"https:\/\/linitiative.ca\/International\/wp-json\/wp\/v2\/posts\/133071\/revisions"}],"wp:attachment":[{"href":"https:\/\/linitiative.ca\/International\/wp-json\/wp\/v2\/media?parent=133071"}],"wp:term":[{"taxonomy":"category","embeddable":true,"href":"https:\/\/linitiative.ca\/International\/wp-json\/wp\/v2\/categories?post=133071"},{"taxonomy":"post_tag","embeddable":true,"href":"https:\/\/linitiative.ca\/International\/wp-json\/wp\/v2\/tags?post=133071"}],"curies":[{"name":"wp","href":"https:\/\/api.w.org\/{rel}","templated":true}]}}