{"id":133082,"date":"2021-11-16T08:50:22","date_gmt":"2021-11-16T13:50:22","guid":{"rendered":"https:\/\/linitiative.ca\/International\/berkane-litsa-de-zraib-celebre-ses-laureats-2\/"},"modified":"2021-11-16T08:50:22","modified_gmt":"2021-11-16T13:50:22","slug":"berkane-litsa-de-zraib-celebre-ses-laureats-2","status":"publish","type":"post","link":"https:\/\/linitiative.ca\/International\/berkane-litsa-de-zraib-celebre-ses-laureats-2\/","title":{"rendered":"Berkane: L\u2019ITSA de Zraib c\u00e9l\u00e8bre ses laur\u00e9ats"},"content":{"rendered":"<div>\n<div style=\"margin-bottom:20px;\"><img loading=\"lazy\" decoding=\"async\" width=\"480\" height=\"360\" src=\"https:\/\/linitiative.ca\/International\/wp-content\/uploads\/sites\/23\/2021\/11\/D8A7D984D8AAD982D986D98AD98AD986-D8A7D984D985D8AAD8AED8B5D8B5D98AD986-D981D98A-D8A7D984D981D984D8A7D8ADD8A9-D98AD8ADD8AAD981D98A-D8A8D8AED8B1D98AD8ACD98AD987.jpg\" class=\"attachment-post-thumbnail size-post-thumbnail wp-post-image\" alt=\"\" srcset=\"https:\/\/linitiative.ca\/International\/wp-content\/uploads\/sites\/23\/2021\/11\/D8A7D984D8AAD982D986D98AD98AD986-D8A7D984D985D8AAD8AED8B5D8B5D98AD986-D981D98A-D8A7D984D981D984D8A7D8ADD8A9-D98AD8ADD8AAD981D98A-D8A8D8AED8B1D98AD8ACD98AD987.jpg 480w, http:\/\/www.mapoujda.ma\/map\/uploads\/2021\/11\/\u0645\u0639\u0647\u062f-\u0627\u0644\u062a\u0642\u0646\u064a\u064a\u0646-\u0627\u0644\u0645\u062a\u062e\u0635\u0635\u064a\u0646-\u0641\u064a-\u0627\u0644\u0641\u0644\u0627\u062d\u0629-\u064a\u062d\u062a\u0641\u064a-\u0628\u062e\u0631\u064a\u062c\u064a\u0647-300x225.jpg 300w, http:\/\/www.mapoujda.ma\/map\/uploads\/2021\/11\/\u0645\u0639\u0647\u062f-\u0627\u0644\u062a\u0642\u0646\u064a\u064a\u0646-\u0627\u0644\u0645\u062a\u062e\u0635\u0635\u064a\u0646-\u0641\u064a-\u0627\u0644\u0641\u0644\u0627\u062d\u0629-\u064a\u062d\u062a\u0641\u064a-\u0628\u062e\u0631\u064a\u062c\u064a\u0647-86x64.jpg 86w\" sizes=\"auto, (max-width: 480px) 100vw, 480px\"><\/div>\n<p>L\u2019article <a rel=\"nofollow\" href=\"http:\/\/www.mapoujda.ma\/fr\/berkane-litsa-de-zraib-celebre-ses-laureats-2\/\">Berkane: L\u2019ITSA de Zraib c\u00e9l\u00e8bre ses laur\u00e9ats<\/a> est apparu en premier sur <a rel=\"nofollow\" href=\"http:\/\/www.mapoujda.ma\/fr\">MapOujda<\/a>.<\/p>\n<\/div>\n<p>Auteur: Soufiane ELAHMAR<br \/>\n<a href=\"http:\/\/www.mapoujda.ma\/fr\/berkane-litsa-de-zraib-celebre-ses-laureats-2\/\">Cliquez ici pour lire l&rsquo;article depuis sa source.<\/a><\/p>\n","protected":false},"excerpt":{"rendered":"<p>L\u2019article Berkane: L\u2019ITSA de Zraib c\u00e9l\u00e8bre ses laur\u00e9ats est apparu en premier sur MapOujda. Auteur: Soufiane ELAHMAR Cliquez ici pour lire l&rsquo;article depuis sa source.<\/p>\n","protected":false},"author":1788,"featured_media":0,"comment_status":"closed","ping_status":"closed","sticky":false,"template":"","format":"standard","meta":{"fifu_image_url":"http:\/\/www.mapoujda.ma\/map\/uploads\/2021\/11\/\u0645\u0639\u0647\u062f-\u0627\u0644\u062a\u0642\u0646\u064a\u064a\u0646-\u0627\u0644\u0645\u062a\u062e\u0635\u0635\u064a\u0646-\u0641\u064a-\u0627\u0644\u0641\u0644\u0627\u062d\u0629-\u064a\u062d\u062a\u0641\u064a-\u0628\u062e\u0631\u064a\u062c\u064a\u0647.jpg","fifu_image_alt":"Berkane: L\u2019ITSA de Zraib c\u00e9l\u00e8bre ses laur\u00e9ats","footnotes":""},"categories":[54,76],"tags":[],"class_list":["post-133082","post","type-post","status-publish","format-standard","hentry","category-maroc","category-regions"],"_links":{"self":[{"href":"https:\/\/linitiative.ca\/International\/wp-json\/wp\/v2\/posts\/133082","targetHints":{"allow":["GET"]}}],"collection":[{"href":"https:\/\/linitiative.ca\/International\/wp-json\/wp\/v2\/posts"}],"about":[{"href":"https:\/\/linitiative.ca\/International\/wp-json\/wp\/v2\/types\/post"}],"author":[{"embeddable":true,"href":"https:\/\/linitiative.ca\/International\/wp-json\/wp\/v2\/users\/1788"}],"replies":[{"embeddable":true,"href":"https:\/\/linitiative.ca\/International\/wp-json\/wp\/v2\/comments?post=133082"}],"version-history":[{"count":0,"href":"https:\/\/linitiative.ca\/International\/wp-json\/wp\/v2\/posts\/133082\/revisions"}],"wp:attachment":[{"href":"https:\/\/linitiative.ca\/International\/wp-json\/wp\/v2\/media?parent=133082"}],"wp:term":[{"taxonomy":"category","embeddable":true,"href":"https:\/\/linitiative.ca\/International\/wp-json\/wp\/v2\/categories?post=133082"},{"taxonomy":"post_tag","embeddable":true,"href":"https:\/\/linitiative.ca\/International\/wp-json\/wp\/v2\/tags?post=133082"}],"curies":[{"name":"wp","href":"https:\/\/api.w.org\/{rel}","templated":true}]}}