{"id":133084,"date":"2021-11-16T12:36:23","date_gmt":"2021-11-16T17:36:23","guid":{"rendered":"https:\/\/linitiative.ca\/International\/celebration-a-berkane-du-15eme-anniversaire-de-lale-maroc-usa\/"},"modified":"2021-11-16T12:36:23","modified_gmt":"2021-11-16T17:36:23","slug":"celebration-a-berkane-du-15eme-anniversaire-de-lale-maroc-usa","status":"publish","type":"post","link":"https:\/\/linitiative.ca\/International\/celebration-a-berkane-du-15eme-anniversaire-de-lale-maroc-usa\/","title":{"rendered":"C\u00e9l\u00e9bration \u00e0 Berkane du 15\u00e8me anniversaire de l\u2019ALE Maroc\/USA"},"content":{"rendered":"<div>\n<div style=\"margin-bottom:20px;\"><img loading=\"lazy\" decoding=\"async\" width=\"750\" height=\"430\" src=\"https:\/\/linitiative.ca\/International\/wp-content\/uploads\/sites\/23\/2021\/11\/David-Greene-sE28099exprimant-C3A0-lE28099occasion-de-la-cC3A9lC3A9bration-du-15C3A8me-anniversaire-de-lE28099ALE-entre-le-Maroc-et-les-Etats-Unis-dE28099AmC3A9rique-750C397430-MAP.jpg\" class=\"attachment-post-thumbnail size-post-thumbnail wp-post-image\" alt=\"\" srcset=\"https:\/\/linitiative.ca\/International\/wp-content\/uploads\/sites\/23\/2021\/11\/David-Greene-sE28099exprimant-C3A0-lE28099occasion-de-la-cC3A9lC3A9bration-du-15C3A8me-anniversaire-de-lE28099ALE-entre-le-Maroc-et-les-Etats-Unis-dE28099AmC3A9rique-750C397430-MAP.jpg 750w, http:\/\/www.mapoujda.ma\/map\/uploads\/2021\/11\/David-Greene-s\u2019exprimant-\u00e0-l\u2019occasion-de-la-c\u00e9l\u00e9bration-du-15\u00e8me-anniversaire-de-l\u2019ALE-entre-le-Maroc-et-les-Etats-Unis-d\u2019Am\u00e9rique-750\u00d7430-MAP-300x172.jpg 300w\" sizes=\"auto, (max-width: 750px) 100vw, 750px\"><\/div>\n<div>\n<p style=\"text-align: justify;\">Le 15\u00e8me anniversaire de l\u2019Accord de libre-\u00e9change (ALE) entre le Maroc et les Etats-Unis d\u2019Am\u00e9rique a \u00e9t\u00e9 c\u00e9l\u00e9br\u00e9, mardi, dans une unit\u00e9 de conditionnement et d\u2019emballage d\u2019agrumes \u00e0 Berkane.<\/p>\n<p style=\"text-align: justify;\">Le Charg\u00e9 d\u2019affaires \u00e0 l\u2019Ambassade des Etats-Unis d\u2019Am\u00e9rique au Maroc, David Greene a rendu visite \u00e0 cette usine, relevant d\u2019un groupe exportateur d\u2019agrumes, au moment o\u00f9 elle se pr\u00e9pare \u00e0 envoyer aux Etats-Unis sa premi\u00e8re livraison de cl\u00e9mentines et d\u2019oranges de la saison.<\/p>\n<p style=\"text-align: justify;\">Cette usine contribue aux 45.000 tonnes d\u2019agrumes que le Maroc exporte aux Etats-Unis chaque ann\u00e9e, dans le cadre de l\u2019ALE qui b\u00e9n\u00e9ficie \u00e0 des centaines d\u2019entreprises am\u00e9ricaines et marocaines.<\/p>\n<p style=\"text-align: justify;\">La visite s\u2019est d\u00e9roul\u00e9e en pr\u00e9sence notamment du wali de la r\u00e9gion de l\u2019Oriental, gouverneur de la pr\u00e9fecture d\u2019Oujda-Angad, Mouad El Jamai et du gouverneur de la province de Berkane, Mohamed Ali Habouha, et a permis aux personnalit\u00e9s pr\u00e9sentes de suivre les diff\u00e9rentes \u00e9tapes de conditionnement et de pr\u00e9paration des agrumes pour l\u2019export.<\/p>\n<p style=\"text-align: justify;\">Dans une d\u00e9claration \u00e0 la presse \u00e0 cette occasion, M. Greene a relev\u00e9 que le Maroc constitue \u00e0 ce jour le seul pays en Afrique \u00e0 avoir conclu un ALE avec les Etats-Unis, ajoutant que depuis la signature de cet accord, le volume des \u00e9changes commerciaux entre les deux pays a \u00e9t\u00e9 multipli\u00e9 par cinq pour atteindre 5 milliards de dollars par an.<\/p>\n<p style=\"text-align: justify;\">Cette dynamique a permis la cr\u00e9ation de milliers d\u2019opportunit\u00e9s d\u2019emploi pour les citoyens des deux pays, a-t-il soulign\u00e9, indiquant que cette visite est une occasion pour f\u00eater les r\u00e9alisations des relations fructueuses entre le Maroc et les Etats-Unis.<\/p>\n<p style=\"text-align: justify;\">De son c\u00f4t\u00e9, Karim Kantari, responsable du groupe exportateur, a mis l\u2019accent sur l\u2019importance du march\u00e9 am\u00e9ricain pour les exportateurs marocains d\u2019agrumes, ajoutant que l\u2019ALE a contribu\u00e9 grandement \u00e0 l\u2019augmentation des exportations marocaines d\u2019agrumes vers les Etats-Unis, qui ne d\u00e9passaient pas les 4.000 t en 2006.<\/p>\n<p style=\"text-align: justify;\">Cette forte croissance d\u00e9montre l\u2019impact tr\u00e8s positif de l\u2019ALE sur les exportations d\u2019agrumes, avec pour effets notamment la cr\u00e9ation de nombreux emplois et l\u2019am\u00e9lioration des standards du processus de production et de conditionnement pour r\u00e9pondre \u00e0 des exigences phytosanitaires tr\u00e8s strictes, a-t-il dit.<\/p>\n<p style=\"text-align: justify;\">Il est \u00e0 noter que l\u2019ALE a permis \u00e9galement \u00e0 plus de 150 entreprises am\u00e9ricaines d\u2019op\u00e9rer au Maroc dans des secteurs avanc\u00e9s, tels que les industries a\u00e9ronautique et automobile.<\/p>\n<\/div>\n<p>L\u2019article <a rel=\"nofollow\" href=\"http:\/\/www.mapoujda.ma\/fr\/celebration-a-berkane-du-15eme-anniversaire-de-lale-maroc-usa\/\">C\u00e9l\u00e9bration \u00e0 Berkane du 15\u00e8me anniversaire de l\u2019ALE Maroc\/USA<\/a> est apparu en premier sur <a rel=\"nofollow\" href=\"http:\/\/www.mapoujda.ma\/fr\">MapOujda<\/a>.<\/p>\n<\/div>\n<p>Auteur: Soufiane ELAHMAR<br \/>\n<a href=\"http:\/\/www.mapoujda.ma\/fr\/celebration-a-berkane-du-15eme-anniversaire-de-lale-maroc-usa\/\">Cliquez ici pour lire l&rsquo;article depuis sa source.<\/a><\/p>\n","protected":false},"excerpt":{"rendered":"<p>Le 15\u00e8me anniversaire de l\u2019Accord de libre-\u00e9change (ALE) entre le Maroc et les Etats-Unis d\u2019Am\u00e9rique a \u00e9t\u00e9 c\u00e9l\u00e9br\u00e9, mardi, dans une unit\u00e9 de conditionnement et d\u2019emballage d\u2019agrumes \u00e0 Berkane. Le Charg\u00e9 d\u2019affaires \u00e0 l\u2019Ambassade des Etats-Unis d\u2019Am\u00e9rique au Maroc, David Greene a rendu visite \u00e0 cette usine, relevant d\u2019un groupe exportateur d\u2019agrumes, au moment o\u00f9 [&hellip;]<\/p>\n","protected":false},"author":1788,"featured_media":0,"comment_status":"closed","ping_status":"closed","sticky":false,"template":"","format":"standard","meta":{"fifu_image_url":"http:\/\/www.mapoujda.ma\/map\/uploads\/2021\/11\/David-Greene-s\u2019exprimant-\u00e0-l\u2019occasion-de-la-c\u00e9l\u00e9bration-du-15\u00e8me-anniversaire-de-l\u2019ALE-entre-le-Maroc-et-les-Etats-Unis-d\u2019Am\u00e9rique-750\u00d7430-MAP.jpg","fifu_image_alt":"C\u00e9l\u00e9bration \u00e0 Berkane du 15\u00e8me anniversaire de l\u2019ALE Maroc\/USA","footnotes":""},"categories":[54,76],"tags":[],"class_list":["post-133084","post","type-post","status-publish","format-standard","hentry","category-maroc","category-regions"],"_links":{"self":[{"href":"https:\/\/linitiative.ca\/International\/wp-json\/wp\/v2\/posts\/133084","targetHints":{"allow":["GET"]}}],"collection":[{"href":"https:\/\/linitiative.ca\/International\/wp-json\/wp\/v2\/posts"}],"about":[{"href":"https:\/\/linitiative.ca\/International\/wp-json\/wp\/v2\/types\/post"}],"author":[{"embeddable":true,"href":"https:\/\/linitiative.ca\/International\/wp-json\/wp\/v2\/users\/1788"}],"replies":[{"embeddable":true,"href":"https:\/\/linitiative.ca\/International\/wp-json\/wp\/v2\/comments?post=133084"}],"version-history":[{"count":0,"href":"https:\/\/linitiative.ca\/International\/wp-json\/wp\/v2\/posts\/133084\/revisions"}],"wp:attachment":[{"href":"https:\/\/linitiative.ca\/International\/wp-json\/wp\/v2\/media?parent=133084"}],"wp:term":[{"taxonomy":"category","embeddable":true,"href":"https:\/\/linitiative.ca\/International\/wp-json\/wp\/v2\/categories?post=133084"},{"taxonomy":"post_tag","embeddable":true,"href":"https:\/\/linitiative.ca\/International\/wp-json\/wp\/v2\/tags?post=133084"}],"curies":[{"name":"wp","href":"https:\/\/api.w.org\/{rel}","templated":true}]}}