{"id":133087,"date":"2021-11-16T08:49:07","date_gmt":"2021-11-16T13:49:07","guid":{"rendered":"https:\/\/linitiative.ca\/International\/fes-meknes-le-wali-zniber-veut-donner-une-impulsion-aux-investissements\/"},"modified":"2021-11-16T08:49:07","modified_gmt":"2021-11-16T13:49:07","slug":"fes-meknes-le-wali-zniber-veut-donner-une-impulsion-aux-investissements","status":"publish","type":"post","link":"https:\/\/linitiative.ca\/International\/fes-meknes-le-wali-zniber-veut-donner-une-impulsion-aux-investissements\/","title":{"rendered":"F\u00e8s-Mekn\u00e8s: Le wali Zniber veut donner une impulsion aux investissements"},"content":{"rendered":"<div>\n<div class=\"field field-name-body field-type-text-with-summary field-label-hidden\">\n<div class=\"field-items\">\n<div class=\"field-item even\" property=\"content:encoded\">\n<p class=\"rtejustify\">Le wali Essa\u00efd Zniber veut donner une nouvelle dynamique \u00e9conomique et assurer la relance de l\u2019investissement \u00e0 l\u2019\u00e9chelle de la r\u00e9gion de F\u00e8s-Mekn\u00e8s.<\/p>\n<\/div>\n<\/div>\n<\/div>\n<\/div>\n<p>Auteur: mbasraoui<br \/>\n<a href=\"https:\/\/www.leconomiste.com\/flash-infos\/fes-meknes-le-wali-zniber-veut-donner-une-impulsion-aux-investissements\">Cliquez ici pour lire l&rsquo;article depuis sa source.<\/a><\/p>\n","protected":false},"excerpt":{"rendered":"<p>Le wali Essa\u00efd Zniber veut donner une nouvelle dynamique \u00e9conomique et assurer la relance de l\u2019investissement \u00e0 l\u2019\u00e9chelle de la r\u00e9gion de F\u00e8s-Mekn\u00e8s. Auteur: mbasraoui Cliquez ici pour lire l&rsquo;article depuis sa source.<\/p>\n","protected":false},"author":1763,"featured_media":0,"comment_status":"closed","ping_status":"closed","sticky":false,"template":"","format":"standard","meta":{"fifu_image_url":"","fifu_image_alt":"","footnotes":""},"categories":[78,54],"tags":[],"class_list":["post-133087","post","type-post","status-publish","format-standard","hentry","category-economie","category-maroc"],"_links":{"self":[{"href":"https:\/\/linitiative.ca\/International\/wp-json\/wp\/v2\/posts\/133087","targetHints":{"allow":["GET"]}}],"collection":[{"href":"https:\/\/linitiative.ca\/International\/wp-json\/wp\/v2\/posts"}],"about":[{"href":"https:\/\/linitiative.ca\/International\/wp-json\/wp\/v2\/types\/post"}],"author":[{"embeddable":true,"href":"https:\/\/linitiative.ca\/International\/wp-json\/wp\/v2\/users\/1763"}],"replies":[{"embeddable":true,"href":"https:\/\/linitiative.ca\/International\/wp-json\/wp\/v2\/comments?post=133087"}],"version-history":[{"count":0,"href":"https:\/\/linitiative.ca\/International\/wp-json\/wp\/v2\/posts\/133087\/revisions"}],"wp:attachment":[{"href":"https:\/\/linitiative.ca\/International\/wp-json\/wp\/v2\/media?parent=133087"}],"wp:term":[{"taxonomy":"category","embeddable":true,"href":"https:\/\/linitiative.ca\/International\/wp-json\/wp\/v2\/categories?post=133087"},{"taxonomy":"post_tag","embeddable":true,"href":"https:\/\/linitiative.ca\/International\/wp-json\/wp\/v2\/tags?post=133087"}],"curies":[{"name":"wp","href":"https:\/\/api.w.org\/{rel}","templated":true}]}}