{"id":133089,"date":"2021-11-16T08:57:56","date_gmt":"2021-11-16T13:57:56","guid":{"rendered":"https:\/\/linitiative.ca\/International\/nouvelles-menaces-securitaires-forum-mondial-a-seoul\/"},"modified":"2021-11-16T08:57:56","modified_gmt":"2021-11-16T13:57:56","slug":"nouvelles-menaces-securitaires-forum-mondial-a-seoul","status":"publish","type":"post","link":"https:\/\/linitiative.ca\/International\/nouvelles-menaces-securitaires-forum-mondial-a-seoul\/","title":{"rendered":"Nouvelles menaces s\u00e9curitaires: Forum mondial \u00e0 S\u00e9oul"},"content":{"rendered":"<div>\n<div class=\"field field-name-body field-type-text-with-summary field-label-hidden\">\n<div class=\"field-items\">\n<div class=\"field-item even\" property=\"content:encoded\">\n<p class=\"rtejustify\">La capitale sud-cor\u00e9enne abrite, mardi, un forum mondial de deux jours ax\u00e9 sur la coop\u00e9ration mondiale contre les nouvelles menaces pour la s\u00e9curit\u00e9 dans le cadre de la pand\u00e9mie de Covid-19.<\/p>\n<\/div>\n<\/div>\n<\/div>\n<\/div>\n<p>Auteur: mbasraoui<br \/>\n<a href=\"https:\/\/www.leconomiste.com\/flash-infos\/nouvelles-menaces-securitaires-forum-mondial-seoul\">Cliquez ici pour lire l&rsquo;article depuis sa source.<\/a><\/p>\n","protected":false},"excerpt":{"rendered":"<p>La capitale sud-cor\u00e9enne abrite, mardi, un forum mondial de deux jours ax\u00e9 sur la coop\u00e9ration mondiale contre les nouvelles menaces pour la s\u00e9curit\u00e9 dans le cadre de la pand\u00e9mie de Covid-19. Auteur: mbasraoui Cliquez ici pour lire l&rsquo;article depuis sa source.<\/p>\n","protected":false},"author":1763,"featured_media":0,"comment_status":"closed","ping_status":"closed","sticky":false,"template":"","format":"standard","meta":{"fifu_image_url":"","fifu_image_alt":"","footnotes":""},"categories":[78,54],"tags":[],"class_list":["post-133089","post","type-post","status-publish","format-standard","hentry","category-economie","category-maroc"],"_links":{"self":[{"href":"https:\/\/linitiative.ca\/International\/wp-json\/wp\/v2\/posts\/133089","targetHints":{"allow":["GET"]}}],"collection":[{"href":"https:\/\/linitiative.ca\/International\/wp-json\/wp\/v2\/posts"}],"about":[{"href":"https:\/\/linitiative.ca\/International\/wp-json\/wp\/v2\/types\/post"}],"author":[{"embeddable":true,"href":"https:\/\/linitiative.ca\/International\/wp-json\/wp\/v2\/users\/1763"}],"replies":[{"embeddable":true,"href":"https:\/\/linitiative.ca\/International\/wp-json\/wp\/v2\/comments?post=133089"}],"version-history":[{"count":0,"href":"https:\/\/linitiative.ca\/International\/wp-json\/wp\/v2\/posts\/133089\/revisions"}],"wp:attachment":[{"href":"https:\/\/linitiative.ca\/International\/wp-json\/wp\/v2\/media?parent=133089"}],"wp:term":[{"taxonomy":"category","embeddable":true,"href":"https:\/\/linitiative.ca\/International\/wp-json\/wp\/v2\/categories?post=133089"},{"taxonomy":"post_tag","embeddable":true,"href":"https:\/\/linitiative.ca\/International\/wp-json\/wp\/v2\/tags?post=133089"}],"curies":[{"name":"wp","href":"https:\/\/api.w.org\/{rel}","templated":true}]}}