{"id":133090,"date":"2021-11-16T08:59:50","date_gmt":"2021-11-16T13:59:50","guid":{"rendered":"https:\/\/linitiative.ca\/International\/comment-financer-la-sante-communautaire-en-pleine-pandemie\/"},"modified":"2021-11-16T08:59:50","modified_gmt":"2021-11-16T13:59:50","slug":"comment-financer-la-sante-communautaire-en-pleine-pandemie","status":"publish","type":"post","link":"https:\/\/linitiative.ca\/International\/comment-financer-la-sante-communautaire-en-pleine-pandemie\/","title":{"rendered":"Comment financer la sant\u00e9 communautaire en pleine pand\u00e9mie ?"},"content":{"rendered":"<div>\n<div class=\"field field-name-body field-type-text-with-summary field-label-hidden\">\n<div class=\"field-items\">\n<div class=\"field-item even\" property=\"content:encoded\">\n<p class=\"rtejustify\">La pand\u00e9mie de Covid-19 a eu des cons\u00e9quences sur la lutte contre d\u2019autres maladies qui ont \u00e9t\u00e9 pass\u00e9es au second plan. C\u2019est le cas de la tuberculose et du VIH.<\/p>\n<p class=\"rtejustify\">En effet, si la pand\u00e9mie pr\u00e9occupe le monde entier, l\u2019\u00e9pid\u00e9mie du Sida et de la tuberculose peine \u00e0 se frayer un chemin. Ce ph\u00e9nom\u00e8ne s\u2019est g\u00e9n\u00e9ralis\u00e9 dans le monde. La pr\u00e9vention du VIH s\u2019est ainsi d\u00e9grad\u00e9e, alors que les importantes avanc\u00e9es pour combler les lacunes dans l\u2019identification des personnes tuberculeuses manquant \u00e0 l\u2019appel ont r\u00e9gress\u00e9.<\/p>\n<\/div>\n<\/div>\n<\/div>\n<\/div>\n<p>Auteur: mbasraoui<br \/>\n<a href=\"https:\/\/www.leconomiste.com\/flash-infos\/comment-financer-la-sante-communautaire-en-pleine-pandemie\">Cliquez ici pour lire l&rsquo;article depuis sa source.<\/a><\/p>\n","protected":false},"excerpt":{"rendered":"<p>La pand\u00e9mie de Covid-19 a eu des cons\u00e9quences sur la lutte contre d\u2019autres maladies qui ont \u00e9t\u00e9 pass\u00e9es au second plan. C\u2019est le cas de la tuberculose et du VIH. En effet, si la pand\u00e9mie pr\u00e9occupe le monde entier, l\u2019\u00e9pid\u00e9mie du Sida et de la tuberculose peine \u00e0 se frayer un chemin. Ce ph\u00e9nom\u00e8ne s\u2019est [&hellip;]<\/p>\n","protected":false},"author":1763,"featured_media":0,"comment_status":"closed","ping_status":"closed","sticky":false,"template":"","format":"standard","meta":{"fifu_image_url":"","fifu_image_alt":"","footnotes":""},"categories":[78,54],"tags":[],"class_list":["post-133090","post","type-post","status-publish","format-standard","hentry","category-economie","category-maroc"],"_links":{"self":[{"href":"https:\/\/linitiative.ca\/International\/wp-json\/wp\/v2\/posts\/133090","targetHints":{"allow":["GET"]}}],"collection":[{"href":"https:\/\/linitiative.ca\/International\/wp-json\/wp\/v2\/posts"}],"about":[{"href":"https:\/\/linitiative.ca\/International\/wp-json\/wp\/v2\/types\/post"}],"author":[{"embeddable":true,"href":"https:\/\/linitiative.ca\/International\/wp-json\/wp\/v2\/users\/1763"}],"replies":[{"embeddable":true,"href":"https:\/\/linitiative.ca\/International\/wp-json\/wp\/v2\/comments?post=133090"}],"version-history":[{"count":0,"href":"https:\/\/linitiative.ca\/International\/wp-json\/wp\/v2\/posts\/133090\/revisions"}],"wp:attachment":[{"href":"https:\/\/linitiative.ca\/International\/wp-json\/wp\/v2\/media?parent=133090"}],"wp:term":[{"taxonomy":"category","embeddable":true,"href":"https:\/\/linitiative.ca\/International\/wp-json\/wp\/v2\/categories?post=133090"},{"taxonomy":"post_tag","embeddable":true,"href":"https:\/\/linitiative.ca\/International\/wp-json\/wp\/v2\/tags?post=133090"}],"curies":[{"name":"wp","href":"https:\/\/api.w.org\/{rel}","templated":true}]}}