{"id":133094,"date":"2021-11-16T10:19:00","date_gmt":"2021-11-16T15:19:00","guid":{"rendered":"https:\/\/linitiative.ca\/International\/termine-algerie-2-burkina-faso-2-les-verts-qualifies-pour-les-barrages\/"},"modified":"2021-11-16T10:19:00","modified_gmt":"2021-11-16T15:19:00","slug":"termine-algerie-2-burkina-faso-2-les-verts-qualifies-pour-les-barrages","status":"publish","type":"post","link":"https:\/\/linitiative.ca\/International\/termine-algerie-2-burkina-faso-2-les-verts-qualifies-pour-les-barrages\/","title":{"rendered":"(Termin\u00e9) Alg\u00e9rie 2 &#8211; Burkina Faso 2 \/ Les Verts qualifi\u00e9s pour les barrages"},"content":{"rendered":"<div>L&rsquo;Alg\u00e9rie est qualifi\u00e9e pour les barrages&#8230;<\/div>\n<p>Auteur:<br \/>\n<a href=\"https:\/\/www.lebuteur.com\/article\/detail?titre=termine-algerie-2-burkina-faso-2-les-verts-qualifies-pour-les-barrages&#038;id=101575\">Cliquez ici pour lire l&rsquo;article depuis sa source.<\/a><\/p>\n","protected":false},"excerpt":{"rendered":"<p>L&rsquo;Alg\u00e9rie est qualifi\u00e9e pour les barrages&#8230; Auteur: Cliquez ici pour lire l&rsquo;article depuis sa source.<\/p>\n","protected":false},"author":1738,"featured_media":0,"comment_status":"closed","ping_status":"closed","sticky":false,"template":"","format":"standard","meta":{"fifu_image_url":"","fifu_image_alt":"","footnotes":""},"categories":[53,75],"tags":[],"class_list":["post-133094","post","type-post","status-publish","format-standard","hentry","category-algerie","category-sport"],"_links":{"self":[{"href":"https:\/\/linitiative.ca\/International\/wp-json\/wp\/v2\/posts\/133094","targetHints":{"allow":["GET"]}}],"collection":[{"href":"https:\/\/linitiative.ca\/International\/wp-json\/wp\/v2\/posts"}],"about":[{"href":"https:\/\/linitiative.ca\/International\/wp-json\/wp\/v2\/types\/post"}],"author":[{"embeddable":true,"href":"https:\/\/linitiative.ca\/International\/wp-json\/wp\/v2\/users\/1738"}],"replies":[{"embeddable":true,"href":"https:\/\/linitiative.ca\/International\/wp-json\/wp\/v2\/comments?post=133094"}],"version-history":[{"count":0,"href":"https:\/\/linitiative.ca\/International\/wp-json\/wp\/v2\/posts\/133094\/revisions"}],"wp:attachment":[{"href":"https:\/\/linitiative.ca\/International\/wp-json\/wp\/v2\/media?parent=133094"}],"wp:term":[{"taxonomy":"category","embeddable":true,"href":"https:\/\/linitiative.ca\/International\/wp-json\/wp\/v2\/categories?post=133094"},{"taxonomy":"post_tag","embeddable":true,"href":"https:\/\/linitiative.ca\/International\/wp-json\/wp\/v2\/tags?post=133094"}],"curies":[{"name":"wp","href":"https:\/\/api.w.org\/{rel}","templated":true}]}}