{"id":133109,"date":"2021-11-16T03:25:00","date_gmt":"2021-11-16T08:25:00","guid":{"rendered":"https:\/\/linitiative.ca\/International\/comment-gerer-le-retour-des-femmes-maghrebines-des-zones-de-tension\/"},"modified":"2021-11-16T03:25:00","modified_gmt":"2021-11-16T08:25:00","slug":"comment-gerer-le-retour-des-femmes-maghrebines-des-zones-de-tension","status":"publish","type":"post","link":"https:\/\/linitiative.ca\/International\/comment-gerer-le-retour-des-femmes-maghrebines-des-zones-de-tension\/","title":{"rendered":"Comment g\u00e9rer le retour des femmes maghr\u00e9bines des zones de tension?"},"content":{"rendered":"<div><img decoding=\"async\" src=\"https:\/\/linitiative.ca\/International\/wp-content\/uploads\/sites\/23\/2021\/11\/1637048762_article.jpg\" alt=\"Comment g\u00e9rer le retour des femmes maghr\u00e9bines des zones de tension?\" align=\"left\">La baisse toute relative du risque terroriste exerc\u00e9 par le radicalisme religieux violent ne saurait occulter l\u2019examen du grand dossier des jihadistes revenant des zones de tension. Et en premier lieu, les femmes et leurs enfants. Qui sont-ils ? Pourquoi et comment ils se sont radicalis\u00e9s et sont partis en Libye, en Syrie et en Irak ? Et quelle prise en charge \u00e0 leur retour ? La question qui interpelle les autorit\u00e9s de nombreux pays est encore plus percutante en Afrique du Nord qui a fourni \u00e0 Daech des milliers de \u00absoldats\u00bb. L\u2019Union du Maghreb arabe (UMA) s\u2019y est int\u00e9ress\u00e9e de pr\u00e8s, s\u2019appuyant sur la fondation Friedrich-Ebert, pour la conduite d\u2019une \u00e9tude dans les cinq &#8230;<\/p>\n<\/div>\n<p>Auteur:<br \/>\n<a href=\"https:\/\/www.leaders.com.tn\/article\/32663-comment-gerer-le-retour-des-femmes-maghrebines-des-zones-de-tension\">Cliquez ici pour lire l&rsquo;article depuis sa source.<\/a><\/p>\n","protected":false},"excerpt":{"rendered":"<p>La baisse toute relative du risque terroriste exerc\u00e9 par le radicalisme religieux violent ne saurait occulter l\u2019examen du grand dossier des jihadistes revenant des zones de tension. Et en premier lieu, les femmes et leurs enfants. Qui sont-ils ? Pourquoi et comment ils se sont radicalis\u00e9s et sont partis en Libye, en Syrie et en [&hellip;]<\/p>\n","protected":false},"author":1772,"featured_media":0,"comment_status":"closed","ping_status":"closed","sticky":false,"template":"","format":"standard","meta":{"fifu_image_url":"http:\/\/www.leaders.com.tn\/uploads\/content\/thumbnails_small\/1637048762_article.jpg","fifu_image_alt":"Comment g\u00e9rer le retour des femmes maghr\u00e9bines des zones de tension?","footnotes":""},"categories":[73,55],"tags":[],"class_list":["post-133109","post","type-post","status-publish","format-standard","hentry","category-actualite","category-tunisie"],"_links":{"self":[{"href":"https:\/\/linitiative.ca\/International\/wp-json\/wp\/v2\/posts\/133109","targetHints":{"allow":["GET"]}}],"collection":[{"href":"https:\/\/linitiative.ca\/International\/wp-json\/wp\/v2\/posts"}],"about":[{"href":"https:\/\/linitiative.ca\/International\/wp-json\/wp\/v2\/types\/post"}],"author":[{"embeddable":true,"href":"https:\/\/linitiative.ca\/International\/wp-json\/wp\/v2\/users\/1772"}],"replies":[{"embeddable":true,"href":"https:\/\/linitiative.ca\/International\/wp-json\/wp\/v2\/comments?post=133109"}],"version-history":[{"count":0,"href":"https:\/\/linitiative.ca\/International\/wp-json\/wp\/v2\/posts\/133109\/revisions"}],"wp:attachment":[{"href":"https:\/\/linitiative.ca\/International\/wp-json\/wp\/v2\/media?parent=133109"}],"wp:term":[{"taxonomy":"category","embeddable":true,"href":"https:\/\/linitiative.ca\/International\/wp-json\/wp\/v2\/categories?post=133109"},{"taxonomy":"post_tag","embeddable":true,"href":"https:\/\/linitiative.ca\/International\/wp-json\/wp\/v2\/tags?post=133109"}],"curies":[{"name":"wp","href":"https:\/\/api.w.org\/{rel}","templated":true}]}}