{"id":133115,"date":"2021-11-16T16:35:00","date_gmt":"2021-11-16T21:35:00","guid":{"rendered":"https:\/\/linitiative.ca\/International\/document-telechargez-la-loi-de-finances-rectificative-pour-lannee-2021\/"},"modified":"2021-11-16T16:35:00","modified_gmt":"2021-11-16T21:35:00","slug":"document-telechargez-la-loi-de-finances-rectificative-pour-lannee-2021","status":"publish","type":"post","link":"https:\/\/linitiative.ca\/International\/document-telechargez-la-loi-de-finances-rectificative-pour-lannee-2021\/","title":{"rendered":"Document \u2013 T\u00e9l\u00e9chargez la loi de finances rectificative pour l\u2019ann\u00e9e 2021"},"content":{"rendered":"<div><img decoding=\"async\" src=\"https:\/\/linitiative.ca\/International\/wp-content\/uploads\/sites\/23\/2021\/11\/1637096466_article.jpg\" alt=\"Document \u2013 T\u00e9l\u00e9chargez la loi de finances rectificative pour l\u2019ann\u00e9e 2021\" align=\"left\">D\u00e9cret-loi n\u00b0 2021-3 du 15 novembre 2021, portant loi de finances rectificative pour l\u2019ann\u00e9e 2021<br \/>\nLe Pr\u00e9sident de la R\u00e9publique,<br \/>\nVu la Constitution, Vu le d\u00e9cret Pr\u00e9sidentiel n\u00b0 2021-117 du 22 septembre 2021, relatif aux mesures exceptionnelles, notamment son article 5,<br \/>\nApr\u00e8s d\u00e9lib\u00e9ration du Conseil des ministres.<br \/>\nPrend le d\u00e9cret-loi dont la teneur suit :<br \/>\nArticle premier \u2013 Sont abrog\u00e9es les dispositions de l\u2019article premier et des articles 1, 2, 4, 5, 6, 7, 9 et 10 de la loi n\u00b0 2020-46 du 23 d\u00e9cembre 2020 portant loi de finances pour l\u2019ann\u00e9e 2021 et remplac\u00e9es par les dispositions suivantes :<br \/>\nArticle premier (nouveau) : Les recettes et les d\u00e9penses du &#8230;<\/p>\n<\/div>\n<p>Auteur:<br \/>\n<a href=\"https:\/\/www.leaders.com.tn\/article\/32667-document-telechargez-la-loi-de-finances-rectificative-pour-l-annee-2021\">Cliquez ici pour lire l&rsquo;article depuis sa source.<\/a><\/p>\n","protected":false},"excerpt":{"rendered":"<p>D\u00e9cret-loi n\u00b0 2021-3 du 15 novembre 2021, portant loi de finances rectificative pour l\u2019ann\u00e9e 2021 Le Pr\u00e9sident de la R\u00e9publique, Vu la Constitution, Vu le d\u00e9cret Pr\u00e9sidentiel n\u00b0 2021-117 du 22 septembre 2021, relatif aux mesures exceptionnelles, notamment son article 5, Apr\u00e8s d\u00e9lib\u00e9ration du Conseil des ministres. Prend le d\u00e9cret-loi dont la teneur suit : [&hellip;]<\/p>\n","protected":false},"author":1772,"featured_media":0,"comment_status":"closed","ping_status":"closed","sticky":false,"template":"","format":"standard","meta":{"fifu_image_url":"http:\/\/www.leaders.com.tn\/uploads\/content\/thumbnails_small\/1637096466_article.jpg","fifu_image_alt":"Document \u2013 T\u00e9l\u00e9chargez la loi de finances rectificative pour l\u2019ann\u00e9e 2021","footnotes":""},"categories":[73,55],"tags":[],"class_list":["post-133115","post","type-post","status-publish","format-standard","hentry","category-actualite","category-tunisie"],"_links":{"self":[{"href":"https:\/\/linitiative.ca\/International\/wp-json\/wp\/v2\/posts\/133115","targetHints":{"allow":["GET"]}}],"collection":[{"href":"https:\/\/linitiative.ca\/International\/wp-json\/wp\/v2\/posts"}],"about":[{"href":"https:\/\/linitiative.ca\/International\/wp-json\/wp\/v2\/types\/post"}],"author":[{"embeddable":true,"href":"https:\/\/linitiative.ca\/International\/wp-json\/wp\/v2\/users\/1772"}],"replies":[{"embeddable":true,"href":"https:\/\/linitiative.ca\/International\/wp-json\/wp\/v2\/comments?post=133115"}],"version-history":[{"count":0,"href":"https:\/\/linitiative.ca\/International\/wp-json\/wp\/v2\/posts\/133115\/revisions"}],"wp:attachment":[{"href":"https:\/\/linitiative.ca\/International\/wp-json\/wp\/v2\/media?parent=133115"}],"wp:term":[{"taxonomy":"category","embeddable":true,"href":"https:\/\/linitiative.ca\/International\/wp-json\/wp\/v2\/categories?post=133115"},{"taxonomy":"post_tag","embeddable":true,"href":"https:\/\/linitiative.ca\/International\/wp-json\/wp\/v2\/tags?post=133115"}],"curies":[{"name":"wp","href":"https:\/\/api.w.org\/{rel}","templated":true}]}}