{"id":133122,"date":"2021-11-16T08:22:29","date_gmt":"2021-11-16T13:22:29","guid":{"rendered":"https:\/\/linitiative.ca\/International\/jean-michel-huet-71-des-entreprises-marocaines-que-nous-avons-interrogees-estiment-que-la-crise-du-covid-19-est-un-accelerateur-pour-repenser-leur-modele-economique\/"},"modified":"2021-11-16T08:22:29","modified_gmt":"2021-11-16T13:22:29","slug":"jean-michel-huet-71-des-entreprises-marocaines-que-nous-avons-interrogees-estiment-que-la-crise-du-covid-19-est-un-accelerateur-pour-repenser-leur-modele-economique","status":"publish","type":"post","link":"https:\/\/linitiative.ca\/International\/jean-michel-huet-71-des-entreprises-marocaines-que-nous-avons-interrogees-estiment-que-la-crise-du-covid-19-est-un-accelerateur-pour-repenser-leur-modele-economique\/","title":{"rendered":"Jean-Michel Huet :\u00ab71% des entreprises marocaines que nous avons interrog\u00e9es, estiment que la crise du Covid-19 est un acc\u00e9l\u00e9rateur pour repenser leur mod\u00e8le \u00e9conomique\u00bb"},"content":{"rendered":"<div><img decoding=\"async\" width=\"1258\" height=\"737\" src=\"https:\/\/linitiative.ca\/International\/wp-content\/uploads\/sites\/23\/2021\/11\/Jean-Michel-Huet.jpg\" class=\"attachment-post-thumbnail size-post-thumbnail wp-post-image\" alt=\"\" loading=\"lazy\" srcset=\"https:\/\/linitiative.ca\/International\/wp-content\/uploads\/sites\/23\/2021\/11\/Jean-Michel-Huet.jpg 1258w, https:\/\/www.challenge.ma\/wp-content\/uploads\/2021\/11\/Jean-Michel-Huet-300x176.jpg 300w, https:\/\/www.challenge.ma\/wp-content\/uploads\/2021\/11\/Jean-Michel-Huet-1024x600.jpg 1024w, https:\/\/www.challenge.ma\/wp-content\/uploads\/2021\/11\/Jean-Michel-Huet-768x450.jpg 768w, https:\/\/www.challenge.ma\/wp-content\/uploads\/2021\/11\/Jean-Michel-Huet-360x211.jpg 360w, https:\/\/www.challenge.ma\/wp-content\/uploads\/2021\/11\/Jean-Michel-Huet-750x439.jpg 750w\" sizes=\"auto, (max-width: 1258px) 100vw, 1258px\" itemprop=\"image\">Pour Jean-Michel Huet, associ\u00e9 au sein du cabinet BearingPoint, la crise de la Covid-19 a renforc\u00e9 l\u2019internationalisation d\u00e9sormais initi\u00e9e par les entreprises marocaines pour l\u2019adoption de mod\u00e8les \u00e9conomiques nouveaux et compl\u00e9mentaires. Dans cette interview, il analyse les tenants et les aboutissants de cette nouvelle tendance des soci\u00e9t\u00e9s marocaines. Challenge :Les<\/div>\n<p>Auteur: challenge<br \/>\n<a href=\"https:\/\/www.challenge.ma\/jean-michel-huet-partner-africa-and-international-development-de-bearingpoint-71-des-entreprises-marocaines-que-nous-avons-interrogees-estiment-que-la-crise-du-covid-19-est-un-accelerateur-225952\/\">Cliquez ici pour lire l&rsquo;article depuis sa source.<\/a><\/p>\n","protected":false},"excerpt":{"rendered":"<p>Pour Jean-Michel Huet, associ\u00e9 au sein du cabinet BearingPoint, la crise de la Covid-19 a renforc\u00e9 l\u2019internationalisation d\u00e9sormais initi\u00e9e par les entreprises marocaines pour l\u2019adoption de mod\u00e8les \u00e9conomiques nouveaux et compl\u00e9mentaires. Dans cette interview, il analyse les tenants et les aboutissants de cette nouvelle tendance des soci\u00e9t\u00e9s marocaines. Challenge :Les Auteur: challenge Cliquez ici pour [&hellip;]<\/p>\n","protected":false},"author":1787,"featured_media":0,"comment_status":"closed","ping_status":"closed","sticky":false,"template":"","format":"standard","meta":{"fifu_image_url":"https:\/\/www.challenge.ma\/wp-content\/uploads\/2021\/11\/Jean-Michel-Huet.jpg","fifu_image_alt":"Jean-Michel Huet :\u00ab71% des entreprises marocaines que nous avons interrog\u00e9es, estiment que la crise du Covid-19 est un acc\u00e9l\u00e9rateur pour repenser leur mod\u00e8le \u00e9conomique\u00bb","footnotes":""},"categories":[78,54],"tags":[],"class_list":["post-133122","post","type-post","status-publish","format-standard","hentry","category-economie","category-maroc"],"_links":{"self":[{"href":"https:\/\/linitiative.ca\/International\/wp-json\/wp\/v2\/posts\/133122","targetHints":{"allow":["GET"]}}],"collection":[{"href":"https:\/\/linitiative.ca\/International\/wp-json\/wp\/v2\/posts"}],"about":[{"href":"https:\/\/linitiative.ca\/International\/wp-json\/wp\/v2\/types\/post"}],"author":[{"embeddable":true,"href":"https:\/\/linitiative.ca\/International\/wp-json\/wp\/v2\/users\/1787"}],"replies":[{"embeddable":true,"href":"https:\/\/linitiative.ca\/International\/wp-json\/wp\/v2\/comments?post=133122"}],"version-history":[{"count":0,"href":"https:\/\/linitiative.ca\/International\/wp-json\/wp\/v2\/posts\/133122\/revisions"}],"wp:attachment":[{"href":"https:\/\/linitiative.ca\/International\/wp-json\/wp\/v2\/media?parent=133122"}],"wp:term":[{"taxonomy":"category","embeddable":true,"href":"https:\/\/linitiative.ca\/International\/wp-json\/wp\/v2\/categories?post=133122"},{"taxonomy":"post_tag","embeddable":true,"href":"https:\/\/linitiative.ca\/International\/wp-json\/wp\/v2\/tags?post=133122"}],"curies":[{"name":"wp","href":"https:\/\/api.w.org\/{rel}","templated":true}]}}