{"id":133124,"date":"2021-11-16T08:49:52","date_gmt":"2021-11-16T13:49:52","guid":{"rendered":"https:\/\/linitiative.ca\/International\/plf-2022-acte-ii\/"},"modified":"2021-11-16T08:49:52","modified_gmt":"2021-11-16T13:49:52","slug":"plf-2022-acte-ii","status":"publish","type":"post","link":"https:\/\/linitiative.ca\/International\/plf-2022-acte-ii\/","title":{"rendered":"PLF 2022 : Acte II"},"content":{"rendered":"<div><img decoding=\"async\" width=\"1200\" height=\"675\" src=\"https:\/\/linitiative.ca\/International\/wp-content\/uploads\/sites\/23\/2021\/11\/parlement.jpg\" class=\"attachment-post-thumbnail size-post-thumbnail wp-post-image\" alt=\"\" loading=\"lazy\" srcset=\"https:\/\/linitiative.ca\/International\/wp-content\/uploads\/sites\/23\/2021\/11\/parlement.jpg 1200w, https:\/\/www.challenge.ma\/wp-content\/uploads\/2016\/10\/parlement-300x169.jpg 300w, https:\/\/www.challenge.ma\/wp-content\/uploads\/2016\/10\/parlement-1024x576.jpg 1024w, https:\/\/www.challenge.ma\/wp-content\/uploads\/2016\/10\/parlement-360x203.jpg 360w, https:\/\/www.challenge.ma\/wp-content\/uploads\/2016\/10\/parlement-750x422.jpg 750w\" sizes=\"auto, (max-width: 1200px) 100vw, 1200px\" itemprop=\"image\">Le PLF 2022 a atterri en douceur \u00e0 la chambre des conseillers, apr\u00e8s avoir \u00e9t\u00e9 adopt\u00e9, avec quelques petits amendements, \u00e0 la chambre des repr\u00e9sentants. Les membres de la seconde chambre auront certainement leur mot \u00e0 dire. Voici d\u00e9j\u00e0 quelques \u00e9chos re\u00e7us par Challenge. C\u00f4t\u00e9 recettes, le bar\u00e8me progressif de<\/div>\n<p>Auteur: Mohamed Amine<br \/>\n<a href=\"https:\/\/www.challenge.ma\/plf-2022-acte-ii-226168\/\">Cliquez ici pour lire l&rsquo;article depuis sa source.<\/a><\/p>\n","protected":false},"excerpt":{"rendered":"<p>Le PLF 2022 a atterri en douceur \u00e0 la chambre des conseillers, apr\u00e8s avoir \u00e9t\u00e9 adopt\u00e9, avec quelques petits amendements, \u00e0 la chambre des repr\u00e9sentants. Les membres de la seconde chambre auront certainement leur mot \u00e0 dire. Voici d\u00e9j\u00e0 quelques \u00e9chos re\u00e7us par Challenge. C\u00f4t\u00e9 recettes, le bar\u00e8me progressif de Auteur: Mohamed Amine Cliquez ici [&hellip;]<\/p>\n","protected":false},"author":1787,"featured_media":0,"comment_status":"closed","ping_status":"closed","sticky":false,"template":"","format":"standard","meta":{"fifu_image_url":"https:\/\/www.challenge.ma\/wp-content\/uploads\/2016\/10\/parlement.jpg","fifu_image_alt":"PLF 2022 : Acte II","footnotes":""},"categories":[78,54],"tags":[],"class_list":["post-133124","post","type-post","status-publish","format-standard","hentry","category-economie","category-maroc"],"_links":{"self":[{"href":"https:\/\/linitiative.ca\/International\/wp-json\/wp\/v2\/posts\/133124","targetHints":{"allow":["GET"]}}],"collection":[{"href":"https:\/\/linitiative.ca\/International\/wp-json\/wp\/v2\/posts"}],"about":[{"href":"https:\/\/linitiative.ca\/International\/wp-json\/wp\/v2\/types\/post"}],"author":[{"embeddable":true,"href":"https:\/\/linitiative.ca\/International\/wp-json\/wp\/v2\/users\/1787"}],"replies":[{"embeddable":true,"href":"https:\/\/linitiative.ca\/International\/wp-json\/wp\/v2\/comments?post=133124"}],"version-history":[{"count":0,"href":"https:\/\/linitiative.ca\/International\/wp-json\/wp\/v2\/posts\/133124\/revisions"}],"wp:attachment":[{"href":"https:\/\/linitiative.ca\/International\/wp-json\/wp\/v2\/media?parent=133124"}],"wp:term":[{"taxonomy":"category","embeddable":true,"href":"https:\/\/linitiative.ca\/International\/wp-json\/wp\/v2\/categories?post=133124"},{"taxonomy":"post_tag","embeddable":true,"href":"https:\/\/linitiative.ca\/International\/wp-json\/wp\/v2\/tags?post=133124"}],"curies":[{"name":"wp","href":"https:\/\/api.w.org\/{rel}","templated":true}]}}