{"id":133130,"date":"2021-11-16T11:49:53","date_gmt":"2021-11-16T16:49:53","guid":{"rendered":"https:\/\/linitiative.ca\/International\/la-communication-est-essentielle-par-jamal-berraoui\/"},"modified":"2021-11-16T11:49:53","modified_gmt":"2021-11-16T16:49:53","slug":"la-communication-est-essentielle-par-jamal-berraoui","status":"publish","type":"post","link":"https:\/\/linitiative.ca\/International\/la-communication-est-essentielle-par-jamal-berraoui\/","title":{"rendered":"La communication est essentielle [Par Jamal Berraoui]"},"content":{"rendered":"<div><img decoding=\"async\" width=\"924\" height=\"596\" src=\"https:\/\/linitiative.ca\/International\/wp-content\/uploads\/sites\/23\/2021\/11\/Edito-Jamal-2.jpg\" class=\"attachment-post-thumbnail size-post-thumbnail wp-post-image\" alt=\"\" loading=\"lazy\" srcset=\"https:\/\/linitiative.ca\/International\/wp-content\/uploads\/sites\/23\/2021\/11\/Edito-Jamal-2.jpg 924w, https:\/\/www.challenge.ma\/wp-content\/uploads\/2021\/11\/Edito-Jamal-2-300x194.jpg 300w, https:\/\/www.challenge.ma\/wp-content\/uploads\/2021\/11\/Edito-Jamal-2-768x495.jpg 768w, https:\/\/www.challenge.ma\/wp-content\/uploads\/2021\/11\/Edito-Jamal-2-360x232.jpg 360w, https:\/\/www.challenge.ma\/wp-content\/uploads\/2021\/11\/Edito-Jamal-2-750x484.jpg 750w\" sizes=\"auto, (max-width: 924px) 100vw, 924px\" itemprop=\"image\">L\u2019\u00e9mission d\u00e9cryptage a re\u00e7u dimanche dernier, le Ministre charg\u00e9 des relations avec le Parlement, et porte-parole du gouvernement. L\u2019exercice est habituel, mais, il y avait deux nouveaut\u00e9s\u00a0: le format de l\u2019\u00e9mission qui dure deux heures et o\u00f9 l\u2019invit\u00e9 est face \u00e0 cinq intervenants et le fait que le gouvernement n\u2019est<\/div>\n<p>Auteur: Jamal Berraoui<br \/>\n<a href=\"https:\/\/www.challenge.ma\/la-communication-est-essentielle-par-jamal-berraoui-226201\/\">Cliquez ici pour lire l&rsquo;article depuis sa source.<\/a><\/p>\n","protected":false},"excerpt":{"rendered":"<p>L\u2019\u00e9mission d\u00e9cryptage a re\u00e7u dimanche dernier, le Ministre charg\u00e9 des relations avec le Parlement, et porte-parole du gouvernement. L\u2019exercice est habituel, mais, il y avait deux nouveaut\u00e9s\u00a0: le format de l\u2019\u00e9mission qui dure deux heures et o\u00f9 l\u2019invit\u00e9 est face \u00e0 cinq intervenants et le fait que le gouvernement n\u2019est Auteur: Jamal Berraoui Cliquez ici [&hellip;]<\/p>\n","protected":false},"author":1787,"featured_media":0,"comment_status":"closed","ping_status":"closed","sticky":false,"template":"","format":"standard","meta":{"fifu_image_url":"https:\/\/www.challenge.ma\/wp-content\/uploads\/2021\/11\/Edito-Jamal-2.jpg","fifu_image_alt":"La communication est essentielle [Par Jamal Berraoui]","footnotes":""},"categories":[78,54],"tags":[],"class_list":["post-133130","post","type-post","status-publish","format-standard","hentry","category-economie","category-maroc"],"_links":{"self":[{"href":"https:\/\/linitiative.ca\/International\/wp-json\/wp\/v2\/posts\/133130","targetHints":{"allow":["GET"]}}],"collection":[{"href":"https:\/\/linitiative.ca\/International\/wp-json\/wp\/v2\/posts"}],"about":[{"href":"https:\/\/linitiative.ca\/International\/wp-json\/wp\/v2\/types\/post"}],"author":[{"embeddable":true,"href":"https:\/\/linitiative.ca\/International\/wp-json\/wp\/v2\/users\/1787"}],"replies":[{"embeddable":true,"href":"https:\/\/linitiative.ca\/International\/wp-json\/wp\/v2\/comments?post=133130"}],"version-history":[{"count":0,"href":"https:\/\/linitiative.ca\/International\/wp-json\/wp\/v2\/posts\/133130\/revisions"}],"wp:attachment":[{"href":"https:\/\/linitiative.ca\/International\/wp-json\/wp\/v2\/media?parent=133130"}],"wp:term":[{"taxonomy":"category","embeddable":true,"href":"https:\/\/linitiative.ca\/International\/wp-json\/wp\/v2\/categories?post=133130"},{"taxonomy":"post_tag","embeddable":true,"href":"https:\/\/linitiative.ca\/International\/wp-json\/wp\/v2\/tags?post=133130"}],"curies":[{"name":"wp","href":"https:\/\/api.w.org\/{rel}","templated":true}]}}