{"id":133143,"date":"2021-11-16T11:32:20","date_gmt":"2021-11-16T16:32:20","guid":{"rendered":"https:\/\/linitiative.ca\/International\/cameroun-liberte-provisoire-sous-garant-accordee-a-martin-camus-mimb\/"},"modified":"2021-11-16T11:32:20","modified_gmt":"2021-11-16T16:32:20","slug":"cameroun-liberte-provisoire-sous-garant-accordee-a-martin-camus-mimb","status":"publish","type":"post","link":"https:\/\/linitiative.ca\/International\/cameroun-liberte-provisoire-sous-garant-accordee-a-martin-camus-mimb\/","title":{"rendered":"Cameroun : libert\u00e9 provisoire sous garant accord\u00e9e \u00e0 Martin Camus Mimb"},"content":{"rendered":"<div>\n<p><img loading=\"lazy\" decoding=\"async\" width=\"354\" height=\"259\" src=\"https:\/\/linitiative.ca\/International\/wp-content\/uploads\/sites\/23\/2021\/11\/Martin-Camus-Mimb-et-William-Eteki.jpg\" class=\"attachment-post-thumbnail size-post-thumbnail wp-post-image\" alt=\"Cameroun \u2013sextape : Camus Mimb et William Eteki plaident non coupables\" srcset=\"https:\/\/linitiative.ca\/International\/wp-content\/uploads\/sites\/23\/2021\/11\/Martin-Camus-Mimb-et-William-Eteki.jpg 354w, https:\/\/www.journalducameroun.com\/wp-content\/uploads\/2021\/07\/Martin-Camus-Mimb-et-William-Eteki-300x219.jpg 300w\" sizes=\"auto, (max-width: 354px) 100vw, 354px\"><\/p>\n<p style=\"text-align: justify;\"><strong>La Cour d\u2019appel du Littoral a accord\u00e9 ce jour la libert\u00e9 provisoire sous caution \u00e0 Martin Camus Mimb. La demande de remise en libert\u00e9 de Wilfried Eteki a \u00e9t\u00e9 rejet\u00e9e.<\/strong><\/p>\n<p style=\"text-align: justify;\">\n<p style=\"text-align: justify;\">\n<p style=\"text-align: justify;\">\n<p style=\"text-align: justify;\">\n<p style=\"text-align: justify;\">Libert\u00e9 provisoire sous garant accord\u00e9e \u00e0 <strong>Martin Camus Mimb<\/strong>. D\u00e9cision de\u00a0la Cour d\u2019appel du Littoral rendue ce 16 novembre 2021.<\/p>\n<p style=\"text-align: justify;\">Me <strong>Dominique Fousse<\/strong>, l\u2019avocate de <a href=\"https:\/\/www.journalducameroun.com\/peoplecameroun\/camusgate-qui-est-malicka-bayemi\/\">Malicka Bayemi<\/a> affirme qu\u2019elle s\u2019y attendait un peu s\u2019agissant du cas de Camus Mimb mais s\u2019offusque du fait qu\u2019ils \u00e9taient convoqu\u00e9s pour le 21 d\u00e9cembre 2021. Par la suite, aussi bizarre que cela paraisse, fulmine t-elle,\u00a0 la proc\u00e9dure a \u00e9t\u00e9 acc\u00e9l\u00e9r\u00e9e.<\/p>\n<p style=\"text-align: justify;\">Le parquet avait rejet\u00e9 les demandes de libert\u00e9 provisoire. \u00c0 la cour d\u2019appel le parquet s\u2019est \u00e9galement oppos\u00e9 aux demandes de libert\u00e9 provisoire, mais la coll\u00e9gialit\u00e9 \u00e0 la cour d\u2019appel a d\u00e9cid\u00e9 d\u2019accorder une libert\u00e9 provisoire sous garant \u00e0 Martin Camus Mimb. <strong>Wilfried Eteki <\/strong>reste en prison \u00e0 New-Bell.<\/p>\n<p style=\"text-align: justify;\">En rappel,\u00a0le journaliste Martin Camus Mimb et son Compagnon William Eteki\u00a0 sont poursuivis pour des faits de\u00a0: publications obsc\u00e8nes, fausses nouvelles, prox\u00e9n\u00e9tisme et diffamation.<\/p>\n<p>Cet article <a rel=\"nofollow\" href=\"https:\/\/www.journalducameroun.com\/cameroun-liberte-provisoire-sous-garant-accordee-a-martin-camus-mimb-cameroun\/\">Cameroun : libert\u00e9 provisoire sous garant accord\u00e9e \u00e0 Martin Camus Mimb<\/a> est apparu en premier sur <a rel=\"nofollow\" href=\"https:\/\/www.journalducameroun.com\/\">Journal du Cameroun<\/a>.<\/p>\n<\/div>\n<p>Auteur: Christian DJIMADEU<br \/>\n<a href=\"https:\/\/www.journalducameroun.com\/cameroun-liberte-provisoire-sous-garant-accordee-a-martin-camus-mimb-cameroun\/\">Cliquez ici pour lire l&rsquo;article depuis sa source.<\/a><\/p>\n","protected":false},"excerpt":{"rendered":"<p>La Cour d\u2019appel du Littoral a accord\u00e9 ce jour la libert\u00e9 provisoire sous caution \u00e0 Martin Camus Mimb. La demande de remise en libert\u00e9 de Wilfried Eteki a \u00e9t\u00e9 rejet\u00e9e. Libert\u00e9 provisoire sous garant accord\u00e9e \u00e0 Martin Camus Mimb. D\u00e9cision de\u00a0la Cour d\u2019appel du Littoral rendue ce 16 novembre 2021. Me Dominique Fousse, l\u2019avocate de [&hellip;]<\/p>\n","protected":false},"author":1965,"featured_media":0,"comment_status":"closed","ping_status":"closed","sticky":false,"template":"","format":"standard","meta":{"fifu_image_url":"https:\/\/www.journalducameroun.com\/wp-content\/uploads\/2021\/07\/Martin-Camus-Mimb-et-William-Eteki.jpg","fifu_image_alt":"Cameroun : libert\u00e9 provisoire sous garant accord\u00e9e \u00e0 Martin Camus Mimb","footnotes":""},"categories":[73,82],"tags":[],"class_list":["post-133143","post","type-post","status-publish","format-standard","hentry","category-actualite","category-cameroun"],"_links":{"self":[{"href":"https:\/\/linitiative.ca\/International\/wp-json\/wp\/v2\/posts\/133143","targetHints":{"allow":["GET"]}}],"collection":[{"href":"https:\/\/linitiative.ca\/International\/wp-json\/wp\/v2\/posts"}],"about":[{"href":"https:\/\/linitiative.ca\/International\/wp-json\/wp\/v2\/types\/post"}],"author":[{"embeddable":true,"href":"https:\/\/linitiative.ca\/International\/wp-json\/wp\/v2\/users\/1965"}],"replies":[{"embeddable":true,"href":"https:\/\/linitiative.ca\/International\/wp-json\/wp\/v2\/comments?post=133143"}],"version-history":[{"count":0,"href":"https:\/\/linitiative.ca\/International\/wp-json\/wp\/v2\/posts\/133143\/revisions"}],"wp:attachment":[{"href":"https:\/\/linitiative.ca\/International\/wp-json\/wp\/v2\/media?parent=133143"}],"wp:term":[{"taxonomy":"category","embeddable":true,"href":"https:\/\/linitiative.ca\/International\/wp-json\/wp\/v2\/categories?post=133143"},{"taxonomy":"post_tag","embeddable":true,"href":"https:\/\/linitiative.ca\/International\/wp-json\/wp\/v2\/tags?post=133143"}],"curies":[{"name":"wp","href":"https:\/\/api.w.org\/{rel}","templated":true}]}}