{"id":133147,"date":"2021-11-16T15:18:01","date_gmt":"2021-11-16T20:18:01","guid":{"rendered":"https:\/\/linitiative.ca\/International\/cote-divoire-les-contrats-dassurance-sante-deficitaires-de-43-milliards-fcfa\/"},"modified":"2021-11-16T15:18:01","modified_gmt":"2021-11-16T20:18:01","slug":"cote-divoire-les-contrats-dassurance-sante-deficitaires-de-43-milliards-fcfa","status":"publish","type":"post","link":"https:\/\/linitiative.ca\/International\/cote-divoire-les-contrats-dassurance-sante-deficitaires-de-43-milliards-fcfa\/","title":{"rendered":"C\u00f4te d\u2019Ivoire: les contrats d\u2019assurance sant\u00e9 d\u00e9ficitaires de 43 milliards Fcfa"},"content":{"rendered":"<div>\n<p>Les contrats d\u2019assurance maladie, en C\u00f4te d\u2019Ivoire, connaissent un d\u00e9ficit structurel de l\u2019ordre de 43 milliards Fcfa sur les 11 derni\u00e8res ann\u00e9es, selon M. Mamadou Kon\u00e9, le pr\u00e9sident de l\u2019Association des soci\u00e9t\u00e9s des assurances de C\u00f4te d\u2019Ivoire (ASA-CI).M. Mamadou Kon\u00e9 s\u2019exprimait, mardi, \u00e0 l\u2019ouverture des travaux des \u00e9tats g\u00e9n\u00e9raux de l\u2019assurance maladie en C\u00f4te d\u2019Ivoire, visant \u00e0 dresser une feuille de route nationale pour un d\u00e9veloppement harmonieux du secteur. \u00a0 \u00a0<\/p>\n<p>\u00ab\u00a0Plusieurs \u00e9tudes ont montr\u00e9 ces derni\u00e8res ann\u00e9es que les contrats d\u2019assurance maladie sont d\u00e9ficitaires; les contrats se caract\u00e9risent par un d\u00e9ficit structurel qui est de l\u2019ordre de 43 milliards Fcfa sur les 11 derni\u00e8res ann\u00e9es\u00a0\u00bb, a indiqu\u00e9 M. Mamadou Kon\u00e9.\u00a0<\/p>\n<p>De ce fait, dira-t-il, l\u2019assurance sant\u00e9 fait l\u2019objet de nombreuses interrogations portant tant sur son \u00e9quilibre \u00e0 long terme que sur sa capacit\u00e9 \u00e0 s\u2019\u00e9tendre \u00e0 la grande majorit\u00e9 de la population ivoirienne.<\/p>\n<p>Aujourd\u2019hui, certains \u00e9tablissements hospitaliers publics ou priv\u00e9s ayant fourni des soins \u00e0 des assur\u00e9s dans le cadre du tiers payant, \u00e9prouvent des difficult\u00e9s \u00e0 se faire rembourser dans les d\u00e9lais convenus.\u00a0<\/p>\n<p>En outre, d\u2019autres prestataires de soins n\u2019ont d\u2019ailleurs jamais \u00e9t\u00e9 rembours\u00e9s en raison de la mise en liquidation de certaines compagnies d\u2019assurance ou des difficult\u00e9s de certains organismes de gestion du risque maladie. \u00a0\u00a0<\/p>\n<p>Le ministre de l\u2019Emploi et de la protection sociale, Adama Kamara, a invit\u00e9 les acteurs du secteur \u00e0 \u00ab\u00a0l\u2019optimisation de la gouvernance pour am\u00e9liorer la soutenabilit\u00e9 financi\u00e8re, tout en d\u00e9veloppant de nouveaux services\u00a0\u00bb avec un acc\u00e8s aux soins et m\u00e9dicaments de qualit\u00e9. \u00a0<\/p>\n<p>M. Adama Kamara a rappel\u00e9 que, de par la loi instituant la Couverture maladie universelle (CMU), tous les syst\u00e8mes existants de couverture maladie dans le pays, deviennent des couvertures compl\u00e9mentaires. \u00a0<\/p>\n<p>La souscription \u00e0 un contrat d\u2019assurance maladie, en C\u00f4te d\u2019Ivoire, est subordonn\u00e9e \u00e0 la filiation pr\u00e9alable de la Couverture maladie universelle. Le ministre de l\u2019Emploi et de la protection sociale a insist\u00e9 sur la mise en oeuvre effective de cette disposition.\u00a0<\/p>\n<p>Selon M. Adama Kamara, \u00ab\u00a03,2 millions personnes ont \u00e9t\u00e9 enr\u00f4l\u00e9es \u00e0 la Couverture maladie universelle. Il s\u2019agit en majorit\u00e9 de primo assur\u00e9s, des personnes disposant pour la premi\u00e8re fois d\u2019une couverture maladie universelle dans notre pays\u00a0\u00bb.\u00a0<\/p>\n<p>Le directeur de cabinet adjoint, Vassogbo Bamba, repr\u00e9sentant le ministre de l\u2019\u00c9conomie et des finances, a fait savoir que les primes \u00e9mises par la branche d\u2019assurance maladie sont pass\u00e9es de 45,5 milliards Fcfa en 2016 \u00e0 75 milliards Fcfa en 2020, soit une \u00e9volution de 65%.\u00a0<\/p>\n<p>Sur la m\u00eame p\u00e9riode, les prestations sont pass\u00e9es de 32 milliards Fcfa en 2016 \u00e0 52,5 milliards Fcfa en 2020, soit une progression de 64%. Mais, malgr\u00e9 ce bond, la grande majorit\u00e9 des populations reste sans couverture maladie universelle.\u00a0<\/p>\n<p>Mme Marie Chantal Assouan, conseiller technique, repr\u00e9sentant le ministre de la Sant\u00e9, de l\u2019hygi\u00e8ne publique et de la couverture maladie universelle, a assur\u00e9 que le minist\u00e8re attend les r\u00e9sultats afin de s\u2019impliquer davantage dans la bonne gouvernance du secteur.<\/p>\n<p>Soumis aux exigences prudentielles \u00e9dict\u00e9es par le Code CIMA (Conf\u00e9rence interafricaine des march\u00e9s d\u2019assurance), les assureurs s\u2019emploient \u00e0 n\u00e9gocier tous les postes de charges qui permettent de d\u00e9gager des marges techniques \u00e0 l\u2019\u00e9quilibres des contrats. \u00a0\u00a0<\/p>\n<p>Ces assises qui se tiennent du 16 au 19 novembre 2021, tableront sur les questions li\u00e9es \u00e0 la prise en charge des assur\u00e9s dans le cadre du tiers payant, dans l\u2019optique d\u2019assurer le d\u00e9veloppement de l\u2019assurance maladie et sa rentabilit\u00e9 \u00e0 long terme pour l\u2019ensemble des parties prenantes de l\u2019\u00e9cosyst\u00e8me.\u00a0<\/p>\n<p>Cet article <a rel=\"nofollow\" href=\"https:\/\/www.journalducameroun.com\/cote-divoire-les-contrats-dassurance-sante-deficitaires-de-43-milliards-fcfa\/\">C\u00f4te d\u2019Ivoire: les contrats d\u2019assurance sant\u00e9 d\u00e9ficitaires de 43 milliards Fcfa<\/a> est apparu en premier sur <a rel=\"nofollow\" href=\"https:\/\/www.journalducameroun.com\/\">Journal du Cameroun<\/a>.<\/p>\n<\/div>\n<p>Auteur: APA News<br \/>\n<a href=\"https:\/\/www.journalducameroun.com\/cote-divoire-les-contrats-dassurance-sante-deficitaires-de-43-milliards-fcfa\/\">Cliquez ici pour lire l&rsquo;article depuis sa source.<\/a><\/p>\n","protected":false},"excerpt":{"rendered":"<p>Les contrats d\u2019assurance maladie, en C\u00f4te d\u2019Ivoire, connaissent un d\u00e9ficit structurel de l\u2019ordre de 43 milliards Fcfa sur les 11 derni\u00e8res ann\u00e9es, selon M. Mamadou Kon\u00e9, le pr\u00e9sident de l\u2019Association des soci\u00e9t\u00e9s des assurances de C\u00f4te d\u2019Ivoire (ASA-CI).M. Mamadou Kon\u00e9 s\u2019exprimait, mardi, \u00e0 l\u2019ouverture des travaux des \u00e9tats g\u00e9n\u00e9raux de l\u2019assurance maladie en C\u00f4te d\u2019Ivoire, [&hellip;]<\/p>\n","protected":false},"author":1965,"featured_media":0,"comment_status":"closed","ping_status":"closed","sticky":false,"template":"","format":"standard","meta":{"fifu_image_url":"","fifu_image_alt":"","footnotes":""},"categories":[73,82],"tags":[],"class_list":["post-133147","post","type-post","status-publish","format-standard","hentry","category-actualite","category-cameroun"],"_links":{"self":[{"href":"https:\/\/linitiative.ca\/International\/wp-json\/wp\/v2\/posts\/133147","targetHints":{"allow":["GET"]}}],"collection":[{"href":"https:\/\/linitiative.ca\/International\/wp-json\/wp\/v2\/posts"}],"about":[{"href":"https:\/\/linitiative.ca\/International\/wp-json\/wp\/v2\/types\/post"}],"author":[{"embeddable":true,"href":"https:\/\/linitiative.ca\/International\/wp-json\/wp\/v2\/users\/1965"}],"replies":[{"embeddable":true,"href":"https:\/\/linitiative.ca\/International\/wp-json\/wp\/v2\/comments?post=133147"}],"version-history":[{"count":0,"href":"https:\/\/linitiative.ca\/International\/wp-json\/wp\/v2\/posts\/133147\/revisions"}],"wp:attachment":[{"href":"https:\/\/linitiative.ca\/International\/wp-json\/wp\/v2\/media?parent=133147"}],"wp:term":[{"taxonomy":"category","embeddable":true,"href":"https:\/\/linitiative.ca\/International\/wp-json\/wp\/v2\/categories?post=133147"},{"taxonomy":"post_tag","embeddable":true,"href":"https:\/\/linitiative.ca\/International\/wp-json\/wp\/v2\/tags?post=133147"}],"curies":[{"name":"wp","href":"https:\/\/api.w.org\/{rel}","templated":true}]}}