{"id":133155,"date":"2021-11-16T11:19:06","date_gmt":"2021-11-16T16:19:06","guid":{"rendered":"https:\/\/linitiative.ca\/International\/le-secteur-culturel-a-contribue-a-hauteur-de-415-milliards-de-fcfa-au-pib-en-2019\/"},"modified":"2021-11-16T11:19:06","modified_gmt":"2021-11-16T16:19:06","slug":"le-secteur-culturel-a-contribue-a-hauteur-de-415-milliards-de-fcfa-au-pib-en-2019","status":"publish","type":"post","link":"https:\/\/linitiative.ca\/International\/le-secteur-culturel-a-contribue-a-hauteur-de-415-milliards-de-fcfa-au-pib-en-2019\/","title":{"rendered":"Le secteur culturel a contribu\u00e9 \u00e0 hauteur de 41,5 milliards de Fcfa au PIB en 2019"},"content":{"rendered":"<div>\n<p>La culture est le point central de la c\u00e9l\u00e9bration de la 31e journ\u00e9e africaine de la statistique (JAS), sous le th\u00e8me \u00ab Moderniser les syst\u00e8mes statistiques nationaux pour soutenir le d\u00e9veloppement socioculturel en Afrique \u00bb, qui se tiendra le 18 novembre 2021. C\u2019est sous cette m\u00eame th\u00e9matique que l\u2019Institut national de la statistique (INS), a organis\u00e9 le 11 novembre dernier, une conf\u00e9rence-d\u00e9bat sur ledit th\u00e8me.<\/p>\n<p>L\u2019on apprendra lors de cette rencontre qui a eu lieu au sein de l\u2019immeuble si\u00e8ge de l\u2019organe en charge des statistiques que pour le compte de l\u2019ann\u00e9e 2019, le secteur de la culture a contribu\u00e9 \u00e0 hauteur de 0,18% au Produit int\u00e9rieur brut (PIB). Soit concr\u00e8tement 41,5 milliards de Fcfa sur 23,243 milliards de Fcfa. Cette contribution s\u2019est montr\u00e9e croissante avec le temps. L\u2019on est quitt\u00e9 de 38,447 milliards en 2016, \u00e0 39,489 milliards en 2017, et 40,419 milliards en 2019. Des contributions sur un PIB respectif de 20,038 milliards (0,19%), 20,960 milliards (0,19%) et 22,203 milliards (0,18%). Pour obtenir ce chiffre, l\u2019on prend en compte \u00ab les activit\u00e9s des entreprises culturelles, la valeur ajout\u00e9e des entreprises culturelles, l\u2019\u00e9dition, la production des fils, la radio et t\u00e9l\u00e9diffusion, l\u2019art et la culture de fa\u00e7on pure \u00bb, a confi\u00e9 Carlos Deffo, charg\u00e9 d\u2019\u00e9tude assistant n\u00b03, \u00e0 la division de la comptabilit\u00e9 nationale de l\u2019INS.<\/p>\n<p>L\u2019on comprend donc mieux l\u2019int\u00e9r\u00eat de l\u2019Union africaine pour cette 31e \u00e9dition de la JAS. Du c\u00f4t\u00e9 des statisticiens camerounais, on justifie cet int\u00e9r\u00eat par un effet d\u2019\u00e9valuation de la part de la culture \u00e0 l\u2019\u00e9conomie de l\u2019Etat. \u00ab La statistique ici permet d\u2019\u00e9valuer la contribution du secteur de la culture \u00e0 l\u2019\u00e9conomie nationale (\u2026) il faut effectivement d\u00e9velopper des approches pour valoriser toute la production statistique et voir sa contribution dans l\u2019\u00e9conomie nationale, pour qu\u2019elle (la culture) ne reste pas toujours sous-estim\u00e9e \u00bb, confie Ambroise Abanda, Chef de division de la coordination statistique et de la diffusion, \u00e0 l\u2019INS.<\/p>\n<p>Indiquons que pour obtenir des donn\u00e9es sur le secteur culturel, de fa\u00e7on g\u00e9n\u00e9rale le Cadre de l\u2019Unesco des statistiques utilise le mod\u00e8le \u00e9conomique du Syst\u00e8me des comptes nationaux et les nomenclatures internationales. Notamment celle de la CITI (classification internationale type, par industrie, de toutes les branches d\u2019activit\u00e9s \u00e9conomique, qui identifie les activit\u00e9s ou les industries de production culturelle), qui les regroupent au sein des sections J (information et communication) et R (arts, spectacles et loisirs). Dans le d\u00e9tail la section J se rapporte aux divisions 58 Activit\u00e9s d\u2019\u00e9dition, 59 activit\u00e9s de production de films cin\u00e9matographies et vid\u00e9o, et 60 activit\u00e9s de programmation et de diffusion. Tandis que la section R quant-\u00e0-elle porte sur les divisions 90 activit\u00e9s cr\u00e9atives, arts et spectacles et 91 activit\u00e9s des biblioth\u00e8ques, archives, mus\u00e9es et autres activit\u00e9s culturelles.<\/p>\n<p>A l\u2019\u00e9chelle nationale, l\u2019on s\u2019int\u00e9resse \u00e0 la J(J36001) qui comprend les activit\u00e9s d\u2019\u00e9dition, de production de film, d\u2019\u00e9mission et de diffusion radio et TV et une section R (R44000) activit\u00e9s artistiques, sportives et r\u00e9cr\u00e9atives. C\u2019est la jonction de ces deux variantes qui permet d\u2019avoir la contribution r\u00e9elle de la culture.<\/p>\n<p>La conf\u00e9rence-d\u00e9bat organis\u00e9 par l\u2019INS, a aussi \u00e9t\u00e9 le lieu pour parler du cadre l\u00e9gal et r\u00e9glementaire qui r\u00e9git l\u2019activit\u00e9 statistique au Cameroun et de l\u2019art, culture par rapport \u00e0 l\u2019Objectif du d\u00e9veloppement durable 11, cas du Cameroun.<\/p>\n<p>L\u2019article <a rel=\"nofollow\" href=\"https:\/\/ecomatin.net\/le-secteur-culturel-a-contribue-a-hauteur-r-de-415-milliards-de-fcfa-au-pib-en-2019\/\">Le secteur culturel a contribu\u00e9 \u00e0 hauteur de 41,5 milliards de Fcfa au PIB en 2019<\/a> est apparu en premier sur <a rel=\"nofollow\" href=\"https:\/\/ecomatin.net\/\">EcoMatin<\/a>.<\/p>\n<\/div>\n<p>Auteur: Cindy MBALA<br \/>\n<a href=\"https:\/\/ecomatin.net\/le-secteur-culturel-a-contribue-a-hauteur-r-de-415-milliards-de-fcfa-au-pib-en-2019\/\">Cliquez ici pour lire l&rsquo;article depuis sa source.<\/a><\/p>\n","protected":false},"excerpt":{"rendered":"<p>La culture est le point central de la c\u00e9l\u00e9bration de la 31e journ\u00e9e africaine de la statistique (JAS), sous le th\u00e8me \u00ab Moderniser les syst\u00e8mes statistiques nationaux pour soutenir le d\u00e9veloppement socioculturel en Afrique \u00bb, qui se tiendra le 18 novembre 2021. C\u2019est sous cette m\u00eame th\u00e9matique que l\u2019Institut national de la statistique (INS), a [&hellip;]<\/p>\n","protected":false},"author":1969,"featured_media":0,"comment_status":"closed","ping_status":"closed","sticky":false,"template":"","format":"standard","meta":{"fifu_image_url":"","fifu_image_alt":"","footnotes":""},"categories":[82,78],"tags":[],"class_list":["post-133155","post","type-post","status-publish","format-standard","hentry","category-cameroun","category-economie"],"_links":{"self":[{"href":"https:\/\/linitiative.ca\/International\/wp-json\/wp\/v2\/posts\/133155","targetHints":{"allow":["GET"]}}],"collection":[{"href":"https:\/\/linitiative.ca\/International\/wp-json\/wp\/v2\/posts"}],"about":[{"href":"https:\/\/linitiative.ca\/International\/wp-json\/wp\/v2\/types\/post"}],"author":[{"embeddable":true,"href":"https:\/\/linitiative.ca\/International\/wp-json\/wp\/v2\/users\/1969"}],"replies":[{"embeddable":true,"href":"https:\/\/linitiative.ca\/International\/wp-json\/wp\/v2\/comments?post=133155"}],"version-history":[{"count":0,"href":"https:\/\/linitiative.ca\/International\/wp-json\/wp\/v2\/posts\/133155\/revisions"}],"wp:attachment":[{"href":"https:\/\/linitiative.ca\/International\/wp-json\/wp\/v2\/media?parent=133155"}],"wp:term":[{"taxonomy":"category","embeddable":true,"href":"https:\/\/linitiative.ca\/International\/wp-json\/wp\/v2\/categories?post=133155"},{"taxonomy":"post_tag","embeddable":true,"href":"https:\/\/linitiative.ca\/International\/wp-json\/wp\/v2\/tags?post=133155"}],"curies":[{"name":"wp","href":"https:\/\/api.w.org\/{rel}","templated":true}]}}