{"id":133169,"date":"2021-11-16T13:00:00","date_gmt":"2021-11-16T18:00:00","guid":{"rendered":"https:\/\/linitiative.ca\/International\/les-ultras-du-blues-a-laction-solidaire\/"},"modified":"2021-11-16T13:00:00","modified_gmt":"2021-11-16T18:00:00","slug":"les-ultras-du-blues-a-laction-solidaire","status":"publish","type":"post","link":"https:\/\/linitiative.ca\/International\/les-ultras-du-blues-a-laction-solidaire\/","title":{"rendered":"Les ultras, du \u00ab Blues \u00bb \u00e0 l\u2019action solidaire"},"content":{"rendered":"<div>\n<p class=\"has-text-align-center has-vivid-red-color has-text-color\"><strong>Point de vue<\/strong><\/p>\n<p class=\"has-text-align-right\"><strong><em>Par Abderrahim Bourkia, Enseignant-Chercheur \u00e0 l\u2019Institut des Sciences du Sport de l\u2019Universit\u00e9 Hassan 1 de Settat.<\/em><\/strong><\/p>\n<p class=\"has-black-color has-text-color\"><strong>Les supporters ne d\u00e9col\u00e8rent pas face \u00e0 l\u2019interdiction d\u2019acc\u00e8s aux stades. Ils ne ratent aucune occasion pour monter au cr\u00e9neau et clament, par la m\u00eame occasion, haut et fort leur droit l\u00e9gitime d\u2019y retourner \u00e0 l\u2019instar des supporters sous d\u2019autres cieux.<\/strong><\/p>\n<p class=\"has-black-color has-text-color\">Cependant, ils ont trouv\u00e9 durant l\u2019\u00e9tat d\u2019urgence sanitaire de nouveaux modes alternatifs adapt\u00e9s \u00e0 leurs\u00a0activit\u00e9s\u00a0pour supporter leurs \u00e9quipes. C\u2019est vrai, qu\u2019ils sont malheureux et on parle\u00a0du\u00a0\u00ab\u00a0manque\u00a0\u00bb d\u2019\u00eatre au stade. Les activit\u00e9s \u00ab\u00a0supporteristes\u00a0\u00bb \u00a0et les actions collectives tiennent toujours et restent intacts. On peut m\u00eame dire que l\u2019activisme\u00a0ultras\u00a0s\u2019est d\u00e9j\u00e0 bien adapt\u00e9 \u00e0 la situation. Son lot de revendications n\u2019a pas chang\u00e9 d\u2019un iota et de surcroit un autre visage des ultras a \u00e9merg\u00e9 dans ce contexte de crise sanitaire.<\/p>\n<p class=\"has-black-color has-text-color\"><strong>\u00ab\u00a0Blues\u00a0\u00bb des ultras<\/strong><\/p>\n<p class=\"has-black-color has-text-color\">Confin\u00e9s derri\u00e8re leur t\u00e9l\u00e9vision, leur radio ou leur ordinateur, beaucoup se sont ru\u00e9s vers les r\u00e9seaux sociaux pour exprimer leur m\u00e9contentement \u00e0 l\u2019\u00e9gard des mesures restrictives qui les privent de revenir \u00e0 l\u2019ar\u00e8ne footballistique. Nous avons eu un \u00e9chantillon qui a atteint son paroxysme le soir du match des Lions de l\u2019Atlas face \u00e0 la sympathique \u00e9quipe soudanaise. Ils se sont pos\u00e9s la question sur la pr\u00e9sence fortuite d\u2019une dizaine de spectateur malgr\u00e9 l\u2019interdiction.<\/p>\n<p class=\"has-black-color has-text-color\">Le \u00ab\u00a0blues\u00a0\u00bb des supporters et des groupes ultras ne semble pas encore connaitre son \u00e9pilogue durant une saison que le moins qu\u2019on puisse dire est charni\u00e8re. En ces\u00a0temps\u00a0de crise sanitaire, et les mesures restrictives dict\u00e9es par le Covid-19, les\u00a0ultras\u00a0et les supporters les plus fervents sont malheureux et incapables de vivre \u00e0 fond leur passion. Ils endurent une p\u00e9riode in\u00e9dite et difficile. Les supporters en parlent sur les forums et sur les pages officielles des groupes des supporters et des clubs. J\u2019ai glan\u00e9 quelques propos ici et l\u00e0. \u00ab\u00a0Je donnerai tout ce que j\u2019ai pour aller assister au stade \u00e0 un match de mon \u00e9quipe\u00a0\u00bb, \u00ab\u00a0le stade me manque beaucoup.<\/p>\n<p class=\"has-black-color has-text-color\">C\u2019est l\u2019occasion de trouver mes amis et mettre le feu au virage et encourager nos joueurs. J\u2019ai h\u00e2te d\u2019y \u00eatre et l\u2019attente de plus en plus longue et dure\u00bb, \u00ab\u00a0je regarde les matches \u00e0 la t\u00e9l\u00e9, mais ce n\u2019est pas la m\u00eame chose. M\u2019asseoir devant le petit \u00e9cran et suivre une rencontre de mon amour me fait mal. C\u2019est au stade que se trouve ma place. Les gradins vides me donnent envie de pleurer.<\/p>\n<p class=\"has-black-color has-text-color\">J\u2019ai piti\u00e9 des joueurs qui font ce qu\u2019ils peuvent et mouillent le maillot sans nos encouragements. Mais je suis s\u00fbre que ce n\u2019est pas du tout pareil pour eux. J\u2019ai beaucoup appr\u00e9ci\u00e9 leurs gestes lorsqu\u2019on a gagn\u00e9 le championnat. Le fait d\u2019aller f\u00eater dans notre virage est une forme de reconnaissance \u00e0 notre soutien et notre r\u00f4le derri\u00e8re eux\u00bb. C\u2019est avec de tels propos que certains supporters expriment leur d\u00e9tresse. Il y a celles et ceux qui visualisent les anciennes rencontres sur le net pour combler leur manque et surtout essayer de revivre les moments pass\u00e9s lorsqu\u2019un but leur a permis de rafler un titre ou une qualification difficile. Tous les moyens sont bons pour sortir d\u2019une double d\u00e9prime. Celle des restrictions li\u00e9es au Covid et celle d\u2019\u00eatre priv\u00e9 d\u2019aller au stade.\u00a0 C\u2019est en substance ce que l\u2019on peut remarquer chez les supporters et les groupes ultras de tous les clubs. \u00a0<\/p>\n<p class=\"has-black-color has-text-color\"><strong>Solidarit\u00e9 en mode \u00ab\u00a0Ultras\u00a0\u00bb<\/strong><\/p>\n<p class=\"has-black-color has-text-color\">Le confinement dict\u00e9 par le Covid-19 s\u2019est av\u00e9r\u00e9 un v\u00e9ritable barom\u00e8tre de notre soci\u00e9t\u00e9. Plonger dans l\u2019incertain, personne ne savait quand et comment on conna\u00eetra l\u2019issue d\u2019une situation\/\u00e9preuve in\u00e9dite en ces temps modernes. Le Covid-19 a mis spectaculairement en lumi\u00e8re les in\u00e9galit\u00e9s sociales des m\u00e9nages. En effet, il y a unvolet solidaire d\u00e9voil\u00e9 par certains\u00a0ultras\u00a0\u00e0 travers la collecte de dons au profit\u00a0des n\u00e9cessiteux et des personnes touch\u00e9es de plein fouet par les effets nocifs de la pand\u00e9mie qui ad\u00e9masqu\u00e9 et a mis au grand jour les in\u00e9galit\u00e9s sociales d\u00e9j\u00e0 pesantes sur une grande partie des couches les plus d\u00e9munis et d\u00e9favoris\u00e9es. Les ultras endossent par ailleurs un autre r\u00f4le en tant qu\u2019acteur de la soci\u00e9t\u00e9 civile. Et ces groupes ne sont pas d\u00e9connect\u00e9s de ce qui se passe autour d\u2019eux car Ils en font partie. Ne sont-ils pas le produit de cette m\u00eame soci\u00e9t\u00e9\u00a0? En ces\u00a0temps\u00a0difficiles, l\u2019\u00e9lan de solidarit\u00e9 s\u2019est traduit par des actions concr\u00e8tes qui montrent l\u2019autre visage des supporters qui ne se r\u00e9duit pas \u00e0 \u00ab\u00a0des machines hurlantes\u00a0\u00bb et des groupes qui s\u2019adonnent \u00e0 des actes de violence. En outre, les supporters au Maroc ont particip\u00e9 \u00e0 la collecte de dons destin\u00e9s aux n\u00e9cessiteux et ont distribu\u00e9 des denr\u00e9es alimentaires aux plus d\u00e9munis dans les villes et les r\u00e9gions enclav\u00e9es.<\/p>\n<p class=\"has-black-color has-text-color\">Certains ont fait des banderoles et des \u00ab\u00a0tags\u00a0\u00bb pour soutenir les soignants et le personnel m\u00e9dical qui sont dans le premier front de la lutte contre la pand\u00e9mie.<\/p>\n<p class=\"has-black-color has-text-color\">Les ultras de diff\u00e9rents clubs du Royaume ont particip\u00e9 \u00e9galement \u00e0 une campagne de don de sang \u00e0 Casablanca et ailleurs \u00a0<\/p>\n<p class=\"has-black-color has-text-color\">Ils ont \u00e9galement distribu\u00e9 des flyers et coll\u00e9 des affiches de sensibilisation dans les principales art\u00e8res des villes pour inciter les Marocains \u00e0 rester \u00e0 la maison et \u00e0 s\u2019accommoder aux consignes sanitaires. Ils se sont press\u00e9s pour prendre des photos et mettre le logo du groupe et les partager sur les r\u00e9seaux sociaux. Les photographies sont accompagn\u00e9es de \u00ab hashtags\u00a0\u00bb et de l\u00e9gendes. Le tout pour marquer leur pr\u00e9sence. La concurrence des groupes rivaux a rev\u00eatu d\u2019autres formes. Des paniers de denr\u00e9es alimentaires ont \u00e9t\u00e9 distribu\u00e9s aux familles d\u00e9munies. Les membres des groupes ultras ont m\u00eame brav\u00e9 les mesures de restriction des d\u00e9placements pour aller aux villes isol\u00e9es pour distribuer v\u00eatements et vivres aux n\u00e9cessiteux qui vivent dans le Maroc profond.<\/p>\n<p class=\"has-black-color has-text-color\">Cela \u00e9tant, ce genre d\u2019actions devraient \u00eatre encourag\u00e9. Il serait souhaitable de les accompagner par plus de flexibilit\u00e9 de la part des autorit\u00e9s, dans la mesure o\u00f9 ses actions restent dans les limites admises par les pouvoirs publics. Retenant que l\u2019action collective des ultras est appr\u00e9ciable par sa dimension profonde qui d\u00e9passe le footballistique. C\u2019est tout d\u2019abord un lieu de socialisation des jeunes et un espace d\u2019encadrement qui favorise le lien, la rencontre et l\u2019\u00e9change, le tout avec une veille des autorit\u00e9s pour que les groupes de supporters et les ultras restent \u00e0 l\u2019abri toute forme de manipulation.<\/p>\n<p>L\u2019article <a rel=\"nofollow\" href=\"http:\/\/albayane.press.ma\/les-ultras-du-blues-a-laction-solidaire.html\">Les ultras, du \u00ab Blues \u00bb \u00e0 l\u2019action solidaire<\/a> est apparu en premier sur <a rel=\"nofollow\" href=\"http:\/\/albayane.press.ma\/\">ALBAYANE<\/a>.<\/p>\n<\/div>\n<p>Auteur: M&rsquo;hammed rahal<br \/>\n<a href=\"http:\/\/albayane.press.ma\/les-ultras-du-blues-a-laction-solidaire.html\">Cliquez ici pour lire l&rsquo;article depuis sa source.<\/a><\/p>\n","protected":false},"excerpt":{"rendered":"<p>Point de vue Par Abderrahim Bourkia, Enseignant-Chercheur \u00e0 l\u2019Institut des Sciences du Sport de l\u2019Universit\u00e9 Hassan 1 de Settat. Les supporters ne d\u00e9col\u00e8rent pas face \u00e0 l\u2019interdiction d\u2019acc\u00e8s aux stades. Ils ne ratent aucune occasion pour monter au cr\u00e9neau et clament, par la m\u00eame occasion, haut et fort leur droit l\u00e9gitime d\u2019y retourner \u00e0 l\u2019instar [&hellip;]<\/p>\n","protected":false},"author":1760,"featured_media":0,"comment_status":"closed","ping_status":"closed","sticky":false,"template":"","format":"standard","meta":{"fifu_image_url":"","fifu_image_alt":"","footnotes":""},"categories":[73,54],"tags":[],"class_list":["post-133169","post","type-post","status-publish","format-standard","hentry","category-actualite","category-maroc"],"_links":{"self":[{"href":"https:\/\/linitiative.ca\/International\/wp-json\/wp\/v2\/posts\/133169","targetHints":{"allow":["GET"]}}],"collection":[{"href":"https:\/\/linitiative.ca\/International\/wp-json\/wp\/v2\/posts"}],"about":[{"href":"https:\/\/linitiative.ca\/International\/wp-json\/wp\/v2\/types\/post"}],"author":[{"embeddable":true,"href":"https:\/\/linitiative.ca\/International\/wp-json\/wp\/v2\/users\/1760"}],"replies":[{"embeddable":true,"href":"https:\/\/linitiative.ca\/International\/wp-json\/wp\/v2\/comments?post=133169"}],"version-history":[{"count":0,"href":"https:\/\/linitiative.ca\/International\/wp-json\/wp\/v2\/posts\/133169\/revisions"}],"wp:attachment":[{"href":"https:\/\/linitiative.ca\/International\/wp-json\/wp\/v2\/media?parent=133169"}],"wp:term":[{"taxonomy":"category","embeddable":true,"href":"https:\/\/linitiative.ca\/International\/wp-json\/wp\/v2\/categories?post=133169"},{"taxonomy":"post_tag","embeddable":true,"href":"https:\/\/linitiative.ca\/International\/wp-json\/wp\/v2\/tags?post=133169"}],"curies":[{"name":"wp","href":"https:\/\/api.w.org\/{rel}","templated":true}]}}