{"id":133185,"date":"2021-11-17T09:23:27","date_gmt":"2021-11-17T14:23:27","guid":{"rendered":"https:\/\/linitiative.ca\/International\/la-10e-edition-du-festival-maghrebin-du-film-doujda-du-19-au-23-novembre\/"},"modified":"2021-11-17T09:23:27","modified_gmt":"2021-11-17T14:23:27","slug":"la-10e-edition-du-festival-maghrebin-du-film-doujda-du-19-au-23-novembre","status":"publish","type":"post","link":"https:\/\/linitiative.ca\/International\/la-10e-edition-du-festival-maghrebin-du-film-doujda-du-19-au-23-novembre\/","title":{"rendered":"La 10\u00e8 \u00e9dition du Festival maghr\u00e9bin du film d\u2019Oujda, du 19 au 23 novembre"},"content":{"rendered":"<div>\n<div style=\"margin-bottom:20px;\"><img loading=\"lazy\" decoding=\"async\" width=\"750\" height=\"430\" src=\"https:\/\/linitiative.ca\/International\/wp-content\/uploads\/sites\/23\/2021\/11\/Affiche-du-Festival-MaghrC3A9bin-du-Film-750C397430.jpg\" class=\"attachment-post-thumbnail size-post-thumbnail wp-post-image\" alt=\"\" srcset=\"https:\/\/linitiative.ca\/International\/wp-content\/uploads\/sites\/23\/2021\/11\/Affiche-du-Festival-MaghrC3A9bin-du-Film-750C397430.jpg 750w, http:\/\/www.mapoujda.ma\/map\/uploads\/2021\/11\/Affiche-du-Festival-Maghr\u00e9bin-du-Film-750\u00d7430-300x172.jpg 300w\" sizes=\"auto, (max-width: 750px) 100vw, 750px\"><\/div>\n<div>\n<p style=\"text-align: justify;\">L\u2019Association Cin\u00e9-Maghreb organise, du 19 au 23 novembre courant, la 10\u00e8me \u00e9dition du Festival maghr\u00e9bin du film d\u2019Oujda, sous un format hybride, m\u00ealant projections en ligne et \u00e9v\u00e9nements en pr\u00e9sentiel.<\/p>\n<p style=\"text-align: justify;\">Cet \u00e9v\u00e8nement culturel, plac\u00e9 sous le Haut patronage de SM le Roi Mohammed VI, a pour th\u00e8me \u00abLe cin\u00e9ma, locomotive de r\u00eave\u00bb et connait la participation en comp\u00e9tition officielle de 6 longs m\u00e9trages et de 12 courts m\u00e9trages, indique un communiqu\u00e9 des organisateurs.<\/p>\n<p style=\"text-align: justify;\">Le jury de cette \u00e9dition est pr\u00e9sid\u00e9 par le r\u00e9alisateur burkinab\u00e9 Dani Kouyat\u00e9 et compte pour membres la r\u00e9alisatrice mauritanienne Lalla Kaber, le critique de cin\u00e9ma marocain Khalil Damoun, la journaliste tunisienne Shiraz Ben Mrad, le r\u00e9alisateur et sc\u00e9nariste alg\u00e9rien Karim Tridia et le r\u00e9alisateur libyen Mohamed Al Mismari.<\/p>\n<p style=\"text-align: justify;\">Le programme de cette \u00e9dition pr\u00e9voit la tenue d\u2019ateliers techniques et artistiques en pr\u00e9sentiel, qui seront \u00e9galement retransmis via les plateformes et r\u00e9seaux sociaux, \u00e0 savoir un atelier sc\u00e9nario encadr\u00e9 par le sc\u00e9nariste Jalal Belwadi, un atelier d\u2019analyse filmique pr\u00e9sent\u00e9 par le critique Khalil Damoun et un atelier de r\u00e9alisation encadr\u00e9 par le r\u00e9alisateur Abdeslam Kelai.<\/p>\n<p style=\"text-align: justify;\">En outre, un atelier sp\u00e9cial sera organis\u00e9 et d\u00e9di\u00e9 \u00e0 l\u2019Association des archives Bouanani et dans lequel des films de l\u2019association, intitul\u00e9s \u00abHalaqat Maghribia\u00bb, seront projet\u00e9s \u00e0 l\u2019Universit\u00e9 Mohammed Premier d\u2019Oujda, sous l\u2019encadrement du r\u00e9alisateur marocain Ali Safi.<\/p>\n<p style=\"text-align: justify;\">Une master class, anim\u00e9e en distanciel par le r\u00e9alisateur burkinab\u00e9 Dani Kouyat\u00e9, est \u00e9galement au menu du festival, en plus d\u2019un webinaire sous le th\u00e8me \u00abLe cin\u00e9ma, un m\u00e9dium de coexistence et de rapprochement entre les peuples\u00bb, anim\u00e9 par des professeurs universitaires et cin\u00e9astes sp\u00e9cialis\u00e9s en la mati\u00e8re.<\/p>\n<\/div>\n<p>L\u2019article <a rel=\"nofollow\" href=\"http:\/\/www.mapoujda.ma\/fr\/la-10e-edition-du-festival-maghrebin-du-film-doujda-du-19-au-23-novembre\/\">La 10\u00e8 \u00e9dition du Festival maghr\u00e9bin du film d\u2019Oujda, du 19 au 23 novembre<\/a> est apparu en premier sur <a rel=\"nofollow\" href=\"http:\/\/www.mapoujda.ma\/fr\">MapOujda<\/a>.<\/p>\n<\/div>\n<p>Auteur: Soufiane ELAHMAR<br \/>\n<a href=\"http:\/\/www.mapoujda.ma\/fr\/la-10e-edition-du-festival-maghrebin-du-film-doujda-du-19-au-23-novembre\/\">Cliquez ici pour lire l&rsquo;article depuis sa source.<\/a><\/p>\n","protected":false},"excerpt":{"rendered":"<p>L\u2019Association Cin\u00e9-Maghreb organise, du 19 au 23 novembre courant, la 10\u00e8me \u00e9dition du Festival maghr\u00e9bin du film d\u2019Oujda, sous un format hybride, m\u00ealant projections en ligne et \u00e9v\u00e9nements en pr\u00e9sentiel. Cet \u00e9v\u00e8nement culturel, plac\u00e9 sous le Haut patronage de SM le Roi Mohammed VI, a pour th\u00e8me \u00abLe cin\u00e9ma, locomotive de r\u00eave\u00bb et connait la [&hellip;]<\/p>\n","protected":false},"author":1788,"featured_media":0,"comment_status":"closed","ping_status":"closed","sticky":false,"template":"","format":"standard","meta":{"fifu_image_url":"http:\/\/www.mapoujda.ma\/map\/uploads\/2021\/11\/Affiche-du-Festival-Maghr\u00e9bin-du-Film-750\u00d7430.jpg","fifu_image_alt":"La 10\u00e8 \u00e9dition du Festival maghr\u00e9bin du film d\u2019Oujda, du 19 au 23 novembre","footnotes":""},"categories":[54,76],"tags":[],"class_list":["post-133185","post","type-post","status-publish","format-standard","hentry","category-maroc","category-regions"],"_links":{"self":[{"href":"https:\/\/linitiative.ca\/International\/wp-json\/wp\/v2\/posts\/133185","targetHints":{"allow":["GET"]}}],"collection":[{"href":"https:\/\/linitiative.ca\/International\/wp-json\/wp\/v2\/posts"}],"about":[{"href":"https:\/\/linitiative.ca\/International\/wp-json\/wp\/v2\/types\/post"}],"author":[{"embeddable":true,"href":"https:\/\/linitiative.ca\/International\/wp-json\/wp\/v2\/users\/1788"}],"replies":[{"embeddable":true,"href":"https:\/\/linitiative.ca\/International\/wp-json\/wp\/v2\/comments?post=133185"}],"version-history":[{"count":0,"href":"https:\/\/linitiative.ca\/International\/wp-json\/wp\/v2\/posts\/133185\/revisions"}],"wp:attachment":[{"href":"https:\/\/linitiative.ca\/International\/wp-json\/wp\/v2\/media?parent=133185"}],"wp:term":[{"taxonomy":"category","embeddable":true,"href":"https:\/\/linitiative.ca\/International\/wp-json\/wp\/v2\/categories?post=133185"},{"taxonomy":"post_tag","embeddable":true,"href":"https:\/\/linitiative.ca\/International\/wp-json\/wp\/v2\/tags?post=133185"}],"curies":[{"name":"wp","href":"https:\/\/api.w.org\/{rel}","templated":true}]}}