{"id":133189,"date":"2021-11-17T14:13:40","date_gmt":"2021-11-17T19:13:40","guid":{"rendered":"https:\/\/linitiative.ca\/International\/circulation-legerement-perturbee-sur-lautoroute-rabat-casablanca\/"},"modified":"2021-11-17T14:13:40","modified_gmt":"2021-11-17T19:13:40","slug":"circulation-legerement-perturbee-sur-lautoroute-rabat-casablanca","status":"publish","type":"post","link":"https:\/\/linitiative.ca\/International\/circulation-legerement-perturbee-sur-lautoroute-rabat-casablanca\/","title":{"rendered":"Circulation l\u00e9g\u00e8rement perturb\u00e9e sur l&rsquo;autoroute Rabat-Casablanca"},"content":{"rendered":"<div>\n<div class=\"field field-name-body field-type-text-with-summary field-label-hidden\">\n<div class=\"field-items\">\n<div class=\"field-item even\" property=\"content:encoded\">\n<p class=\"rtejustify\">Les travaux de r\u00e9alisation d\u2019un passage inf\u00e9rieur sous l\u2019autoroute Rabat-Casablanca, au niveau de la ville de Mohamm\u00e9dia au point kilom\u00e9trique 54, seront entam\u00e9s \u00e0 partir de lundi prochain et, par cons\u00e9quent, la circulation sera l\u00e9g\u00e8rement et provisoirement perturb\u00e9e sur les deux sens de l&rsquo;autoroute, annonce la Soci\u00e9t\u00e9 Nationale des Autoroutes du Maroc (ADM).<\/p>\n<\/div>\n<\/div>\n<\/div>\n<\/div>\n<p>Auteur: mbasraoui<br \/>\n<a href=\"https:\/\/www.leconomiste.com\/flash-infos\/circulation-legerement-perturbee-sur-l-autoroute-rabat-casablanca\">Cliquez ici pour lire l&rsquo;article depuis sa source.<\/a><\/p>\n","protected":false},"excerpt":{"rendered":"<p>Les travaux de r\u00e9alisation d\u2019un passage inf\u00e9rieur sous l\u2019autoroute Rabat-Casablanca, au niveau de la ville de Mohamm\u00e9dia au point kilom\u00e9trique 54, seront entam\u00e9s \u00e0 partir de lundi prochain et, par cons\u00e9quent, la circulation sera l\u00e9g\u00e8rement et provisoirement perturb\u00e9e sur les deux sens de l&rsquo;autoroute, annonce la Soci\u00e9t\u00e9 Nationale des Autoroutes du Maroc (ADM). Auteur: mbasraoui [&hellip;]<\/p>\n","protected":false},"author":1763,"featured_media":0,"comment_status":"closed","ping_status":"closed","sticky":false,"template":"","format":"standard","meta":{"fifu_image_url":"","fifu_image_alt":"","footnotes":""},"categories":[78,54],"tags":[],"class_list":["post-133189","post","type-post","status-publish","format-standard","hentry","category-economie","category-maroc"],"_links":{"self":[{"href":"https:\/\/linitiative.ca\/International\/wp-json\/wp\/v2\/posts\/133189","targetHints":{"allow":["GET"]}}],"collection":[{"href":"https:\/\/linitiative.ca\/International\/wp-json\/wp\/v2\/posts"}],"about":[{"href":"https:\/\/linitiative.ca\/International\/wp-json\/wp\/v2\/types\/post"}],"author":[{"embeddable":true,"href":"https:\/\/linitiative.ca\/International\/wp-json\/wp\/v2\/users\/1763"}],"replies":[{"embeddable":true,"href":"https:\/\/linitiative.ca\/International\/wp-json\/wp\/v2\/comments?post=133189"}],"version-history":[{"count":0,"href":"https:\/\/linitiative.ca\/International\/wp-json\/wp\/v2\/posts\/133189\/revisions"}],"wp:attachment":[{"href":"https:\/\/linitiative.ca\/International\/wp-json\/wp\/v2\/media?parent=133189"}],"wp:term":[{"taxonomy":"category","embeddable":true,"href":"https:\/\/linitiative.ca\/International\/wp-json\/wp\/v2\/categories?post=133189"},{"taxonomy":"post_tag","embeddable":true,"href":"https:\/\/linitiative.ca\/International\/wp-json\/wp\/v2\/tags?post=133189"}],"curies":[{"name":"wp","href":"https:\/\/api.w.org\/{rel}","templated":true}]}}