{"id":133190,"date":"2021-11-17T14:27:18","date_gmt":"2021-11-17T19:27:18","guid":{"rendered":"https:\/\/linitiative.ca\/International\/promotion-de-lemploi-le-hcp-sallie-a-la-cea\/"},"modified":"2021-11-17T14:27:18","modified_gmt":"2021-11-17T19:27:18","slug":"promotion-de-lemploi-le-hcp-sallie-a-la-cea","status":"publish","type":"post","link":"https:\/\/linitiative.ca\/International\/promotion-de-lemploi-le-hcp-sallie-a-la-cea\/","title":{"rendered":"Promotion de l\u2019emploi: le HCP s\u2019allie \u00e0 la CEA"},"content":{"rendered":"<div>\n<div class=\"field field-name-body field-type-text-with-summary field-label-hidden\">\n<div class=\"field-items\">\n<div class=\"field-item even\" property=\"content:encoded\">\n<p class=\"rtejustify\">La promotion de l\u2019emploi des femmes et des jeunes a \u00e9t\u00e9 au centre d\u2019entretiens, mercredi \u00e0 Rabat, entre le Haut-Commissaire au Plan (HCP), Ahmed Lahlimi Alami, et la directrice du Bureau de la Commission \u00e9conomique pour l\u2019Afrique (CEA) en Afrique du Nord, Zuzana Schwidrowski.<\/p>\n<p class=\"rtejustify\">Lors de cette rencontre, les deux parties ont mis l\u2019accent sur la n\u00e9cessit\u00e9 de promouvoir davantage l\u2019insertion des jeunes dans le march\u00e9 du travail et d\u2019appuyer l\u2019autonomisation \u00e9conomique des femmes, consid\u00e9r\u00e9s comme deux chantiers \u00e0 approcher sous diff\u00e9rents aspects.<\/p>\n<\/div>\n<\/div>\n<\/div>\n<\/div>\n<p>Auteur: mbasraoui<br \/>\n<a href=\"https:\/\/www.leconomiste.com\/flash-infos\/promotion-de-l-emploi-le-hcp-s-allie-la-cea\">Cliquez ici pour lire l&rsquo;article depuis sa source.<\/a><\/p>\n","protected":false},"excerpt":{"rendered":"<p>La promotion de l\u2019emploi des femmes et des jeunes a \u00e9t\u00e9 au centre d\u2019entretiens, mercredi \u00e0 Rabat, entre le Haut-Commissaire au Plan (HCP), Ahmed Lahlimi Alami, et la directrice du Bureau de la Commission \u00e9conomique pour l\u2019Afrique (CEA) en Afrique du Nord, Zuzana Schwidrowski. Lors de cette rencontre, les deux parties ont mis l\u2019accent sur [&hellip;]<\/p>\n","protected":false},"author":1763,"featured_media":0,"comment_status":"closed","ping_status":"closed","sticky":false,"template":"","format":"standard","meta":{"fifu_image_url":"","fifu_image_alt":"","footnotes":""},"categories":[78,54],"tags":[],"class_list":["post-133190","post","type-post","status-publish","format-standard","hentry","category-economie","category-maroc"],"_links":{"self":[{"href":"https:\/\/linitiative.ca\/International\/wp-json\/wp\/v2\/posts\/133190","targetHints":{"allow":["GET"]}}],"collection":[{"href":"https:\/\/linitiative.ca\/International\/wp-json\/wp\/v2\/posts"}],"about":[{"href":"https:\/\/linitiative.ca\/International\/wp-json\/wp\/v2\/types\/post"}],"author":[{"embeddable":true,"href":"https:\/\/linitiative.ca\/International\/wp-json\/wp\/v2\/users\/1763"}],"replies":[{"embeddable":true,"href":"https:\/\/linitiative.ca\/International\/wp-json\/wp\/v2\/comments?post=133190"}],"version-history":[{"count":0,"href":"https:\/\/linitiative.ca\/International\/wp-json\/wp\/v2\/posts\/133190\/revisions"}],"wp:attachment":[{"href":"https:\/\/linitiative.ca\/International\/wp-json\/wp\/v2\/media?parent=133190"}],"wp:term":[{"taxonomy":"category","embeddable":true,"href":"https:\/\/linitiative.ca\/International\/wp-json\/wp\/v2\/categories?post=133190"},{"taxonomy":"post_tag","embeddable":true,"href":"https:\/\/linitiative.ca\/International\/wp-json\/wp\/v2\/tags?post=133190"}],"curies":[{"name":"wp","href":"https:\/\/api.w.org\/{rel}","templated":true}]}}