{"id":133191,"date":"2021-11-17T14:30:50","date_gmt":"2021-11-17T19:30:50","guid":{"rendered":"https:\/\/linitiative.ca\/International\/fmi-met-en-avant-laction-du-maroc-en-matiere-de-vaccination-et-de-relance-economique\/"},"modified":"2021-11-17T14:30:50","modified_gmt":"2021-11-17T19:30:50","slug":"fmi-met-en-avant-laction-du-maroc-en-matiere-de-vaccination-et-de-relance-economique","status":"publish","type":"post","link":"https:\/\/linitiative.ca\/International\/fmi-met-en-avant-laction-du-maroc-en-matiere-de-vaccination-et-de-relance-economique\/","title":{"rendered":"FMI met en avant l\u2019action du Maroc en mati\u00e8re de vaccination et de relance \u00e9conomique"},"content":{"rendered":"<div>\n<div class=\"field field-name-body field-type-text-with-summary field-label-hidden\">\n<div class=\"field-items\">\n<div class=\"field-item even\" property=\"content:encoded\">\n<p class=\"rtejustify\">La Directrice g\u00e9n\u00e9rale du Fonds mon\u00e9taire international (FMI), Kristalina Georgieva, a salu\u00e9 le travail accompli par le Maroc dans le cadre de la campagne de vaccination anti-Covid et des efforts visant la relance de l\u2019\u00e9conomie.<\/p>\n<\/div>\n<\/div>\n<\/div>\n<\/div>\n<p>Auteur: mbasraoui<br \/>\n<a href=\"https:\/\/www.leconomiste.com\/flash-infos\/fmi-met-en-avant-l-action-du-maroc-en-matiere-de-vaccination-et-de-relance-economique\">Cliquez ici pour lire l&rsquo;article depuis sa source.<\/a><\/p>\n","protected":false},"excerpt":{"rendered":"<p>La Directrice g\u00e9n\u00e9rale du Fonds mon\u00e9taire international (FMI), Kristalina Georgieva, a salu\u00e9 le travail accompli par le Maroc dans le cadre de la campagne de vaccination anti-Covid et des efforts visant la relance de l\u2019\u00e9conomie. Auteur: mbasraoui Cliquez ici pour lire l&rsquo;article depuis sa source.<\/p>\n","protected":false},"author":1763,"featured_media":0,"comment_status":"closed","ping_status":"closed","sticky":false,"template":"","format":"standard","meta":{"fifu_image_url":"","fifu_image_alt":"","footnotes":""},"categories":[78,54],"tags":[],"class_list":["post-133191","post","type-post","status-publish","format-standard","hentry","category-economie","category-maroc"],"_links":{"self":[{"href":"https:\/\/linitiative.ca\/International\/wp-json\/wp\/v2\/posts\/133191","targetHints":{"allow":["GET"]}}],"collection":[{"href":"https:\/\/linitiative.ca\/International\/wp-json\/wp\/v2\/posts"}],"about":[{"href":"https:\/\/linitiative.ca\/International\/wp-json\/wp\/v2\/types\/post"}],"author":[{"embeddable":true,"href":"https:\/\/linitiative.ca\/International\/wp-json\/wp\/v2\/users\/1763"}],"replies":[{"embeddable":true,"href":"https:\/\/linitiative.ca\/International\/wp-json\/wp\/v2\/comments?post=133191"}],"version-history":[{"count":0,"href":"https:\/\/linitiative.ca\/International\/wp-json\/wp\/v2\/posts\/133191\/revisions"}],"wp:attachment":[{"href":"https:\/\/linitiative.ca\/International\/wp-json\/wp\/v2\/media?parent=133191"}],"wp:term":[{"taxonomy":"category","embeddable":true,"href":"https:\/\/linitiative.ca\/International\/wp-json\/wp\/v2\/categories?post=133191"},{"taxonomy":"post_tag","embeddable":true,"href":"https:\/\/linitiative.ca\/International\/wp-json\/wp\/v2\/tags?post=133191"}],"curies":[{"name":"wp","href":"https:\/\/api.w.org\/{rel}","templated":true}]}}