{"id":133208,"date":"2021-11-17T03:30:00","date_gmt":"2021-11-17T08:30:00","guid":{"rendered":"https:\/\/linitiative.ca\/International\/huawei-seeds-for-the-future-ict-academy-ceremonie-annuelle-2021-laccompagnement-des-talents-dans-le-domaine-des-tic-un-enjeu-plus-que-jamais-strategique\/"},"modified":"2021-11-17T03:30:00","modified_gmt":"2021-11-17T08:30:00","slug":"huawei-seeds-for-the-future-ict-academy-ceremonie-annuelle-2021-laccompagnement-des-talents-dans-le-domaine-des-tic-un-enjeu-plus-que-jamais-strategique","status":"publish","type":"post","link":"https:\/\/linitiative.ca\/International\/huawei-seeds-for-the-future-ict-academy-ceremonie-annuelle-2021-laccompagnement-des-talents-dans-le-domaine-des-tic-un-enjeu-plus-que-jamais-strategique\/","title":{"rendered":"Huawei Seeds for the Future &amp; ICT Academy c\u00e9r\u00e9monie annuelle 2021: L\u2019accompagnement des talents dans le domaine des TIC, un enjeu plus que jamais strat\u00e9gique"},"content":{"rendered":"<div><img decoding=\"async\" src=\"https:\/\/linitiative.ca\/International\/wp-content\/uploads\/sites\/23\/2021\/11\/1637134452_article.jpg\" alt=\"Huawei Seeds for the Future &amp; ICT Academy c\u00e9r\u00e9monie annuelle 2021: L\u2019accompagnement des talents dans le domaine des TIC, un enjeu plus que jamais strat\u00e9gique\" align=\"left\">Huawei a organis\u00e9 la c\u00e9r\u00e9monie annuelle 2021 des programmes Seeds for the Future &amp; ICT Academy en partenariat avec le Minist\u00e8re de l\u2019Enseignement Sup\u00e9rieur et de la Recherche Scientifique ce lundi 15 Novembre \u00e0 l&rsquo;h\u00f4tel Laico de Tunis.<br \/>\nL&rsquo;\u00e9v\u00e9nement a r\u00e9uni le directeur g\u00e9n\u00e9ral de Huawei Tunisie, Lin Xingshuo, Wang Qimin Charg\u00e9 d\u2019Affaires de l\u2019Ambassade de la R\u00e9publique Populaire de Chine en Libye, l\u2019ambassadeur de Chine en Tunisie, Zhang Jianguo, le vice-ministre de l\u2019Enseignement Sup\u00e9rieur et de Recherche Scientifique de la Libye, \u00a0\u00a0\u00a0 Saleh Abdullah Hadia lors d\u2019une allocution enregistr\u00e9e ainsi que le ministre de l\u2019Enseignement Sup\u00e9rieur et de la Recherche &#8230;<\/p>\n<\/div>\n<p>Auteur:<br \/>\n<a href=\"https:\/\/www.leaders.com.tn\/article\/32668-huawei-seeds-for-the-future-ict-academy-ceremonie-annuelle-2021-l-accompagnement-des-talents-dans-le-domaine-des-tic-un-enjeu-plus-que-jamais-strategique\">Cliquez ici pour lire l&rsquo;article depuis sa source.<\/a><\/p>\n","protected":false},"excerpt":{"rendered":"<p>Huawei a organis\u00e9 la c\u00e9r\u00e9monie annuelle 2021 des programmes Seeds for the Future &amp; ICT Academy en partenariat avec le Minist\u00e8re de l\u2019Enseignement Sup\u00e9rieur et de la Recherche Scientifique ce lundi 15 Novembre \u00e0 l&rsquo;h\u00f4tel Laico de Tunis. L&rsquo;\u00e9v\u00e9nement a r\u00e9uni le directeur g\u00e9n\u00e9ral de Huawei Tunisie, Lin Xingshuo, Wang Qimin Charg\u00e9 d\u2019Affaires de l\u2019Ambassade [&hellip;]<\/p>\n","protected":false},"author":1772,"featured_media":0,"comment_status":"closed","ping_status":"closed","sticky":false,"template":"","format":"standard","meta":{"fifu_image_url":"http:\/\/www.leaders.com.tn\/uploads\/content\/thumbnails_small\/1637134452_article.jpg","fifu_image_alt":"<div>Huawei Seeds for the Future & ICT Academy c\u00e9r\u00e9monie annuelle 2021: L\u2019accompagnement des talents dans le domaine des TIC, un enjeu plus que jamais strat\u00e9gique<\/div>","footnotes":""},"categories":[73,55],"tags":[],"class_list":["post-133208","post","type-post","status-publish","format-standard","hentry","category-actualite","category-tunisie"],"_links":{"self":[{"href":"https:\/\/linitiative.ca\/International\/wp-json\/wp\/v2\/posts\/133208","targetHints":{"allow":["GET"]}}],"collection":[{"href":"https:\/\/linitiative.ca\/International\/wp-json\/wp\/v2\/posts"}],"about":[{"href":"https:\/\/linitiative.ca\/International\/wp-json\/wp\/v2\/types\/post"}],"author":[{"embeddable":true,"href":"https:\/\/linitiative.ca\/International\/wp-json\/wp\/v2\/users\/1772"}],"replies":[{"embeddable":true,"href":"https:\/\/linitiative.ca\/International\/wp-json\/wp\/v2\/comments?post=133208"}],"version-history":[{"count":0,"href":"https:\/\/linitiative.ca\/International\/wp-json\/wp\/v2\/posts\/133208\/revisions"}],"wp:attachment":[{"href":"https:\/\/linitiative.ca\/International\/wp-json\/wp\/v2\/media?parent=133208"}],"wp:term":[{"taxonomy":"category","embeddable":true,"href":"https:\/\/linitiative.ca\/International\/wp-json\/wp\/v2\/categories?post=133208"},{"taxonomy":"post_tag","embeddable":true,"href":"https:\/\/linitiative.ca\/International\/wp-json\/wp\/v2\/tags?post=133208"}],"curies":[{"name":"wp","href":"https:\/\/api.w.org\/{rel}","templated":true}]}}