{"id":133214,"date":"2021-11-17T12:02:00","date_gmt":"2021-11-17T17:02:00","guid":{"rendered":"https:\/\/linitiative.ca\/International\/climat-la-solidarite-internationale-grande-absente-de-la-cop-26-de-glasgow\/"},"modified":"2021-11-17T12:02:00","modified_gmt":"2021-11-17T17:02:00","slug":"climat-la-solidarite-internationale-grande-absente-de-la-cop-26-de-glasgow","status":"publish","type":"post","link":"https:\/\/linitiative.ca\/International\/climat-la-solidarite-internationale-grande-absente-de-la-cop-26-de-glasgow\/","title":{"rendered":"Climat : la solidarit\u00e9 internationale, grande absente de la COP 26 de Glasgow"},"content":{"rendered":"<div><img decoding=\"async\" src=\"https:\/\/linitiative.ca\/International\/wp-content\/uploads\/sites\/23\/2021\/11\/1637166040_article.jpg\" alt=\"Climat : la solidarit\u00e9 internationale, grande absente de la cop 26 de Glasgow\" align=\"left\">Par Mohamed Larbi Bouguerra &#8211; Pour beaucoup d\u2019observateurs, les d\u00e9cisions prises concernant le climat de la plan\u00e8te \u00e0 Glasgow nous conduisent droit dans le mur.<br \/>\nLe pr\u00e9sident de la COP 26 prend acte du d\u00e9sastre en disant avec une voix tremblante qu\u2019il \u00abest sinc\u00e8rement d\u00e9sol\u00e9\u00bb : le Britannique Alok Sharma a beau pleurer en abattant son marteau \u00e0 la cl\u00f4ture de la conf\u00e9rence qui a accouch\u00e9 du \u00ab Pacte de Glasgow pour le climat \u00bb, il n\u2019en demeure pas moins que le r\u00e9sultat de ces quinze nuits d\u2019\u00e2pres n\u00e9gociations, de laborieuses tractations et de marchandages de maquignon est particuli\u00e8rement d\u00e9cevant ; en particulier pour les pays du Sud. Ces derniers ne sont pas &#8230;<\/p>\n<\/div>\n<p>Auteur:<br \/>\n<a href=\"https:\/\/www.leaders.com.tn\/article\/32671-climat-la-solidarite-internationale-grande-absente-de-la-cop-26-de-glasgow\">Cliquez ici pour lire l&rsquo;article depuis sa source.<\/a><\/p>\n","protected":false},"excerpt":{"rendered":"<p>Par Mohamed Larbi Bouguerra &#8211; Pour beaucoup d\u2019observateurs, les d\u00e9cisions prises concernant le climat de la plan\u00e8te \u00e0 Glasgow nous conduisent droit dans le mur. Le pr\u00e9sident de la COP 26 prend acte du d\u00e9sastre en disant avec une voix tremblante qu\u2019il \u00abest sinc\u00e8rement d\u00e9sol\u00e9\u00bb : le Britannique Alok Sharma a beau pleurer en abattant [&hellip;]<\/p>\n","protected":false},"author":1772,"featured_media":0,"comment_status":"closed","ping_status":"closed","sticky":false,"template":"","format":"standard","meta":{"fifu_image_url":"http:\/\/www.leaders.com.tn\/uploads\/content\/thumbnails_small\/1637166040_article.jpg","fifu_image_alt":"Climat : la solidarit\u00e9 internationale, grande absente de la COP 26 de Glasgow","footnotes":""},"categories":[73,55],"tags":[],"class_list":["post-133214","post","type-post","status-publish","format-standard","hentry","category-actualite","category-tunisie"],"_links":{"self":[{"href":"https:\/\/linitiative.ca\/International\/wp-json\/wp\/v2\/posts\/133214","targetHints":{"allow":["GET"]}}],"collection":[{"href":"https:\/\/linitiative.ca\/International\/wp-json\/wp\/v2\/posts"}],"about":[{"href":"https:\/\/linitiative.ca\/International\/wp-json\/wp\/v2\/types\/post"}],"author":[{"embeddable":true,"href":"https:\/\/linitiative.ca\/International\/wp-json\/wp\/v2\/users\/1772"}],"replies":[{"embeddable":true,"href":"https:\/\/linitiative.ca\/International\/wp-json\/wp\/v2\/comments?post=133214"}],"version-history":[{"count":0,"href":"https:\/\/linitiative.ca\/International\/wp-json\/wp\/v2\/posts\/133214\/revisions"}],"wp:attachment":[{"href":"https:\/\/linitiative.ca\/International\/wp-json\/wp\/v2\/media?parent=133214"}],"wp:term":[{"taxonomy":"category","embeddable":true,"href":"https:\/\/linitiative.ca\/International\/wp-json\/wp\/v2\/categories?post=133214"},{"taxonomy":"post_tag","embeddable":true,"href":"https:\/\/linitiative.ca\/International\/wp-json\/wp\/v2\/tags?post=133214"}],"curies":[{"name":"wp","href":"https:\/\/api.w.org\/{rel}","templated":true}]}}