{"id":133216,"date":"2021-11-17T12:50:00","date_gmt":"2021-11-17T17:50:00","guid":{"rendered":"https:\/\/linitiative.ca\/International\/en-marge-de-son-75e-anniversaire-1946-2021-lunesco-et-la-traversee-du-siecle\/"},"modified":"2021-11-17T12:50:00","modified_gmt":"2021-11-17T17:50:00","slug":"en-marge-de-son-75e-anniversaire-1946-2021-lunesco-et-la-traversee-du-siecle","status":"publish","type":"post","link":"https:\/\/linitiative.ca\/International\/en-marge-de-son-75e-anniversaire-1946-2021-lunesco-et-la-traversee-du-siecle\/","title":{"rendered":"En marge de son 75e anniversaire (1946-2021), l\u2019Unesco et la travers\u00e9e du si\u00e8cle"},"content":{"rendered":"<div><img decoding=\"async\" src=\"https:\/\/linitiative.ca\/International\/wp-content\/uploads\/sites\/23\/2021\/11\/1637170013_article.jpg\" alt=\"En marge de son 75e anniversaire (1946-2021), l\u2019Unesco et la travers\u00e9e du si\u00e8cle   \" align=\"left\">Par Mohieddine Hadhri &#8211; En marge de la comm\u00e9moration du 75 anniversaire de la fondation de l\u2019UNESCO\u00a0\u00a0\u00a0 (1946-2021), Mme Audrey Azoulay a \u00e9t\u00e9 r\u00e9\u00e9lue le 9 novembre dernier\u00a0 au poste de Directrice g\u00e9n\u00e9rale de l\u2019UNESCO \u00e0 une tr\u00e8s large majorit\u00e9 pour quatre ans \u00e0 la t\u00eate de cette organisation onusienne pour\u00a0 un second mandat qu&rsquo;elle souhaite tourn\u00e9 tout particuli\u00e8rement vers l&rsquo;\u00e9ducation et la pr\u00e9servation de l&rsquo;environnement. <\/p>\n<p>Saisissant cette occasion, l\u2019auteur de cet article essaie d\u2019apporter quelques \u00e9clairages et quelques r\u00e9flexions sur le parcours de l\u2019UNESCO \u00e9voquant\u00a0 les grands d\u00e9fis culturels auxquels cette organisation internationale est confront\u00e9e &#8230;<\/p>\n<\/div>\n<p>Auteur:<br \/>\n<a href=\"https:\/\/www.leaders.com.tn\/article\/32672-en-marge-de-son-75e-anniversaire-1946-2021-l-unesco-et-la-traversee-du-siecle\">Cliquez ici pour lire l&rsquo;article depuis sa source.<\/a><\/p>\n","protected":false},"excerpt":{"rendered":"<p>Par Mohieddine Hadhri &#8211; En marge de la comm\u00e9moration du 75 anniversaire de la fondation de l\u2019UNESCO\u00a0\u00a0\u00a0 (1946-2021), Mme Audrey Azoulay a \u00e9t\u00e9 r\u00e9\u00e9lue le 9 novembre dernier\u00a0 au poste de Directrice g\u00e9n\u00e9rale de l\u2019UNESCO \u00e0 une tr\u00e8s large majorit\u00e9 pour quatre ans \u00e0 la t\u00eate de cette organisation onusienne pour\u00a0 un second mandat qu&rsquo;elle [&hellip;]<\/p>\n","protected":false},"author":1772,"featured_media":0,"comment_status":"closed","ping_status":"closed","sticky":false,"template":"","format":"standard","meta":{"fifu_image_url":"http:\/\/www.leaders.com.tn\/uploads\/content\/thumbnails_small\/1637170013_article.jpg","fifu_image_alt":"En marge de son 75e anniversaire (1946-2021), l\u2019Unesco et la travers\u00e9e du si\u00e8cle","footnotes":""},"categories":[73,55],"tags":[],"class_list":["post-133216","post","type-post","status-publish","format-standard","hentry","category-actualite","category-tunisie"],"_links":{"self":[{"href":"https:\/\/linitiative.ca\/International\/wp-json\/wp\/v2\/posts\/133216","targetHints":{"allow":["GET"]}}],"collection":[{"href":"https:\/\/linitiative.ca\/International\/wp-json\/wp\/v2\/posts"}],"about":[{"href":"https:\/\/linitiative.ca\/International\/wp-json\/wp\/v2\/types\/post"}],"author":[{"embeddable":true,"href":"https:\/\/linitiative.ca\/International\/wp-json\/wp\/v2\/users\/1772"}],"replies":[{"embeddable":true,"href":"https:\/\/linitiative.ca\/International\/wp-json\/wp\/v2\/comments?post=133216"}],"version-history":[{"count":0,"href":"https:\/\/linitiative.ca\/International\/wp-json\/wp\/v2\/posts\/133216\/revisions"}],"wp:attachment":[{"href":"https:\/\/linitiative.ca\/International\/wp-json\/wp\/v2\/media?parent=133216"}],"wp:term":[{"taxonomy":"category","embeddable":true,"href":"https:\/\/linitiative.ca\/International\/wp-json\/wp\/v2\/categories?post=133216"},{"taxonomy":"post_tag","embeddable":true,"href":"https:\/\/linitiative.ca\/International\/wp-json\/wp\/v2\/tags?post=133216"}],"curies":[{"name":"wp","href":"https:\/\/api.w.org\/{rel}","templated":true}]}}