{"id":133231,"date":"2021-11-17T17:05:13","date_gmt":"2021-11-17T22:05:13","guid":{"rendered":"https:\/\/linitiative.ca\/International\/actualisation-du-protocole-sanitaire-voici-les-nouvelles-conditions-dentree-au-maroc\/"},"modified":"2021-11-17T17:05:13","modified_gmt":"2021-11-17T22:05:13","slug":"actualisation-du-protocole-sanitaire-voici-les-nouvelles-conditions-dentree-au-maroc","status":"publish","type":"post","link":"https:\/\/linitiative.ca\/International\/actualisation-du-protocole-sanitaire-voici-les-nouvelles-conditions-dentree-au-maroc\/","title":{"rendered":"Actualisation du protocole sanitaire: voici les nouvelles conditions d\u2019entr\u00e9e au Maroc"},"content":{"rendered":"<div><img decoding=\"async\" width=\"830\" height=\"340\" src=\"https:\/\/linitiative.ca\/International\/wp-content\/uploads\/sites\/23\/2021\/11\/coviii.png\" class=\"attachment-post-thumbnail size-post-thumbnail wp-post-image\" alt=\"\" loading=\"lazy\" srcset=\"https:\/\/linitiative.ca\/International\/wp-content\/uploads\/sites\/23\/2021\/11\/coviii.png 830w, https:\/\/www.challenge.ma\/wp-content\/uploads\/2021\/11\/coviii-300x123.png 300w, https:\/\/www.challenge.ma\/wp-content\/uploads\/2021\/11\/coviii-768x315.png 768w, https:\/\/www.challenge.ma\/wp-content\/uploads\/2021\/11\/coviii-360x147.png 360w, https:\/\/www.challenge.ma\/wp-content\/uploads\/2021\/11\/coviii-750x307.png 750w\" sizes=\"auto, (max-width: 830px) 100vw, 830px\" itemprop=\"image\">Le minist\u00e8re de la sant\u00e9 a mis \u00e0 jour les listes des pays class\u00e9s A ou B, ainsi que les dispositions sanitaires pour les voyages internationaux. L\u2019actualisation des conditions entre en vigueur ce jeudi 18 novembre. D\u00e9tails. Le minist\u00e8re de la sant\u00e9 a actualis\u00e9 les conditions d\u2019acc\u00e8s au Maroc, avec<\/div>\n<p>Auteur: challenge<br \/>\n<a href=\"https:\/\/www.challenge.ma\/actualisation-du-protocole-sanitaire-voici-les-nouvelles-conditions-dentree-au-maroc-226343\/\">Cliquez ici pour lire l&rsquo;article depuis sa source.<\/a><\/p>\n","protected":false},"excerpt":{"rendered":"<p>Le minist\u00e8re de la sant\u00e9 a mis \u00e0 jour les listes des pays class\u00e9s A ou B, ainsi que les dispositions sanitaires pour les voyages internationaux. L\u2019actualisation des conditions entre en vigueur ce jeudi 18 novembre. D\u00e9tails. Le minist\u00e8re de la sant\u00e9 a actualis\u00e9 les conditions d\u2019acc\u00e8s au Maroc, avec Auteur: challenge Cliquez ici pour [&hellip;]<\/p>\n","protected":false},"author":1787,"featured_media":0,"comment_status":"closed","ping_status":"closed","sticky":false,"template":"","format":"standard","meta":{"fifu_image_url":"https:\/\/www.challenge.ma\/wp-content\/uploads\/2021\/11\/coviii.png","fifu_image_alt":"Actualisation du protocole sanitaire: voici les nouvelles conditions d\u2019entr\u00e9e au Maroc","footnotes":""},"categories":[78,54],"tags":[],"class_list":["post-133231","post","type-post","status-publish","format-standard","hentry","category-economie","category-maroc"],"_links":{"self":[{"href":"https:\/\/linitiative.ca\/International\/wp-json\/wp\/v2\/posts\/133231","targetHints":{"allow":["GET"]}}],"collection":[{"href":"https:\/\/linitiative.ca\/International\/wp-json\/wp\/v2\/posts"}],"about":[{"href":"https:\/\/linitiative.ca\/International\/wp-json\/wp\/v2\/types\/post"}],"author":[{"embeddable":true,"href":"https:\/\/linitiative.ca\/International\/wp-json\/wp\/v2\/users\/1787"}],"replies":[{"embeddable":true,"href":"https:\/\/linitiative.ca\/International\/wp-json\/wp\/v2\/comments?post=133231"}],"version-history":[{"count":0,"href":"https:\/\/linitiative.ca\/International\/wp-json\/wp\/v2\/posts\/133231\/revisions"}],"wp:attachment":[{"href":"https:\/\/linitiative.ca\/International\/wp-json\/wp\/v2\/media?parent=133231"}],"wp:term":[{"taxonomy":"category","embeddable":true,"href":"https:\/\/linitiative.ca\/International\/wp-json\/wp\/v2\/categories?post=133231"},{"taxonomy":"post_tag","embeddable":true,"href":"https:\/\/linitiative.ca\/International\/wp-json\/wp\/v2\/tags?post=133231"}],"curies":[{"name":"wp","href":"https:\/\/api.w.org\/{rel}","templated":true}]}}