{"id":133238,"date":"2021-11-17T14:32:19","date_gmt":"2021-11-17T19:32:19","guid":{"rendered":"https:\/\/linitiative.ca\/International\/sortie-du-president-guineen-de-la-transition\/"},"modified":"2021-11-17T14:32:19","modified_gmt":"2021-11-17T19:32:19","slug":"sortie-du-president-guineen-de-la-transition","status":"publish","type":"post","link":"https:\/\/linitiative.ca\/International\/sortie-du-president-guineen-de-la-transition\/","title":{"rendered":"SORTIE DU PRESIDENT GUINEEN DE LA TRANSITION"},"content":{"rendered":"<div>\n<p><img decoding=\"async\" width=\"225\" height=\"225\" src=\"https:\/\/linitiative.ca\/International\/wp-content\/uploads\/sites\/23\/2021\/11\/DOUYMOUYA.jpg\" class=\"attachment- size- wp-post-image\" alt=\"\" loading=\"lazy\" style=\"float:left; margin:0 15px 15px 0;\" srcset=\"https:\/\/linitiative.ca\/International\/wp-content\/uploads\/sites\/23\/2021\/11\/DOUYMOUYA.jpg 225w, https:\/\/lepays.bf\/wp-content\/uploads\/2021\/11\/DOUYMOUYA-150x150.jpg 150w\" sizes=\"auto, (max-width: 225px) 100vw, 225px\">Mamadi Doumbouya, le nouvel homme fort de Guin\u00e9e, s\u2019est ouvert, pour la premi\u00e8re fois depuis son accession au pouvoir, le 5 septembre dernier, par le coup d\u2019Etat qui a d\u00e9pos\u00e9 le pr\u00e9sident Alpha Cond\u00e9, au cours d\u2019une interview qui \u00e9tait des plus attendues, \u00a0\u00e0 Radio France Internationale (RFI) et France 24. Et le moins que \u2026<\/p>\n<p>L\u2019article <a rel=\"nofollow\" href=\"https:\/\/lepays.bf\/sortie-du-president-guineen-de-la-transition-2\/\">SORTIE DU PRESIDENT GUINEEN DE LA TRANSITION<\/a> est apparu en premier sur <a rel=\"nofollow\" href=\"https:\/\/lepays.bf\/\">Editions Le Pays<\/a>.<\/p>\n<\/div>\n<p>Auteur: Editions LEPAYS<br \/>\n<a href=\"https:\/\/lepays.bf\/sortie-du-president-guineen-de-la-transition-2\/\">Cliquez ici pour lire l&rsquo;article depuis sa source.<\/a><\/p>\n","protected":false},"excerpt":{"rendered":"<p>Mamadi Doumbouya, le nouvel homme fort de Guin\u00e9e, s\u2019est ouvert, pour la premi\u00e8re fois depuis son accession au pouvoir, le 5 septembre dernier, par le coup d\u2019Etat qui a d\u00e9pos\u00e9 le pr\u00e9sident Alpha Cond\u00e9, au cours d\u2019une interview qui \u00e9tait des plus attendues, \u00a0\u00e0 Radio France Internationale (RFI) et France 24. Et le moins que [&hellip;]<\/p>\n","protected":false},"author":1813,"featured_media":0,"comment_status":"closed","ping_status":"closed","sticky":false,"template":"","format":"standard","meta":{"fifu_image_url":"https:\/\/lepays.bf\/wp-content\/uploads\/2021\/11\/DOUYMOUYA.jpg","fifu_image_alt":"SORTIE DU PRESIDENT GUINEEN DE LA TRANSITION","footnotes":""},"categories":[73,81],"tags":[],"class_list":["post-133238","post","type-post","status-publish","format-standard","hentry","category-actualite","category-burkina-faso"],"_links":{"self":[{"href":"https:\/\/linitiative.ca\/International\/wp-json\/wp\/v2\/posts\/133238","targetHints":{"allow":["GET"]}}],"collection":[{"href":"https:\/\/linitiative.ca\/International\/wp-json\/wp\/v2\/posts"}],"about":[{"href":"https:\/\/linitiative.ca\/International\/wp-json\/wp\/v2\/types\/post"}],"author":[{"embeddable":true,"href":"https:\/\/linitiative.ca\/International\/wp-json\/wp\/v2\/users\/1813"}],"replies":[{"embeddable":true,"href":"https:\/\/linitiative.ca\/International\/wp-json\/wp\/v2\/comments?post=133238"}],"version-history":[{"count":0,"href":"https:\/\/linitiative.ca\/International\/wp-json\/wp\/v2\/posts\/133238\/revisions"}],"wp:attachment":[{"href":"https:\/\/linitiative.ca\/International\/wp-json\/wp\/v2\/media?parent=133238"}],"wp:term":[{"taxonomy":"category","embeddable":true,"href":"https:\/\/linitiative.ca\/International\/wp-json\/wp\/v2\/categories?post=133238"},{"taxonomy":"post_tag","embeddable":true,"href":"https:\/\/linitiative.ca\/International\/wp-json\/wp\/v2\/tags?post=133238"}],"curies":[{"name":"wp","href":"https:\/\/api.w.org\/{rel}","templated":true}]}}