{"id":133240,"date":"2021-11-17T14:36:12","date_gmt":"2021-11-17T19:36:12","guid":{"rendered":"https:\/\/linitiative.ca\/International\/appels-a-la-demission-du-president-du-faso\/"},"modified":"2021-11-17T14:36:12","modified_gmt":"2021-11-17T19:36:12","slug":"appels-a-la-demission-du-president-du-faso","status":"publish","type":"post","link":"https:\/\/linitiative.ca\/International\/appels-a-la-demission-du-president-du-faso\/","title":{"rendered":"APPELS A LA DEMISSION DU PRESIDENT DU FASO"},"content":{"rendered":"<div>\n<p><img decoding=\"async\" width=\"480\" height=\"360\" src=\"https:\/\/linitiative.ca\/International\/wp-content\/uploads\/sites\/23\/2021\/11\/DEMISSION.jpg\" class=\"attachment- size- wp-post-image\" alt=\"\" loading=\"lazy\" style=\"float:left; margin:0 15px 15px 0;\" srcset=\"https:\/\/linitiative.ca\/International\/wp-content\/uploads\/sites\/23\/2021\/11\/DEMISSION.jpg 480w, https:\/\/lepays.bf\/wp-content\/uploads\/2021\/11\/DEMISSION-300x225.jpg 300w\" sizes=\"auto, (max-width: 480px) 100vw, 480px\">Les deux principales villes du pays que sont Ouagadougou et Bobo-Dioulasso, ont \u00e9t\u00e9 contamin\u00e9es dans la journ\u00e9e du mardi 16 novembre dernier, par la fi\u00e8vre des manifestations li\u00e9es \u00e0 la d\u00e9gradation de la situation s\u00e9curitaire nationale. En effet, de jeunes manifestants en col\u00e8re sont descendus dans les rues pour crier leur ras-le-bol contre l\u2019incapacit\u00e9 manifeste \u2026<\/p>\n<p>L\u2019article <a rel=\"nofollow\" href=\"https:\/\/lepays.bf\/appels-a-la-demission-du-president-du-faso\/\">APPELS A LA DEMISSION DU PRESIDENT DU FASO<\/a> est apparu en premier sur <a rel=\"nofollow\" href=\"https:\/\/lepays.bf\/\">Editions Le Pays<\/a>.<\/p>\n<\/div>\n<p>Auteur: Editions LEPAYS<br \/>\n<a href=\"https:\/\/lepays.bf\/appels-a-la-demission-du-president-du-faso\/\">Cliquez ici pour lire l&rsquo;article depuis sa source.<\/a><\/p>\n","protected":false},"excerpt":{"rendered":"<p>Les deux principales villes du pays que sont Ouagadougou et Bobo-Dioulasso, ont \u00e9t\u00e9 contamin\u00e9es dans la journ\u00e9e du mardi 16 novembre dernier, par la fi\u00e8vre des manifestations li\u00e9es \u00e0 la d\u00e9gradation de la situation s\u00e9curitaire nationale. En effet, de jeunes manifestants en col\u00e8re sont descendus dans les rues pour crier leur ras-le-bol contre l\u2019incapacit\u00e9 manifeste [&hellip;]<\/p>\n","protected":false},"author":1813,"featured_media":0,"comment_status":"closed","ping_status":"closed","sticky":false,"template":"","format":"standard","meta":{"fifu_image_url":"https:\/\/lepays.bf\/wp-content\/uploads\/2021\/11\/DEMISSION.jpg","fifu_image_alt":"APPELS A LA DEMISSION DU PRESIDENT DU FASO","footnotes":""},"categories":[73,81],"tags":[],"class_list":["post-133240","post","type-post","status-publish","format-standard","hentry","category-actualite","category-burkina-faso"],"_links":{"self":[{"href":"https:\/\/linitiative.ca\/International\/wp-json\/wp\/v2\/posts\/133240","targetHints":{"allow":["GET"]}}],"collection":[{"href":"https:\/\/linitiative.ca\/International\/wp-json\/wp\/v2\/posts"}],"about":[{"href":"https:\/\/linitiative.ca\/International\/wp-json\/wp\/v2\/types\/post"}],"author":[{"embeddable":true,"href":"https:\/\/linitiative.ca\/International\/wp-json\/wp\/v2\/users\/1813"}],"replies":[{"embeddable":true,"href":"https:\/\/linitiative.ca\/International\/wp-json\/wp\/v2\/comments?post=133240"}],"version-history":[{"count":0,"href":"https:\/\/linitiative.ca\/International\/wp-json\/wp\/v2\/posts\/133240\/revisions"}],"wp:attachment":[{"href":"https:\/\/linitiative.ca\/International\/wp-json\/wp\/v2\/media?parent=133240"}],"wp:term":[{"taxonomy":"category","embeddable":true,"href":"https:\/\/linitiative.ca\/International\/wp-json\/wp\/v2\/categories?post=133240"},{"taxonomy":"post_tag","embeddable":true,"href":"https:\/\/linitiative.ca\/International\/wp-json\/wp\/v2\/tags?post=133240"}],"curies":[{"name":"wp","href":"https:\/\/api.w.org\/{rel}","templated":true}]}}