{"id":133242,"date":"2021-11-17T14:39:57","date_gmt":"2021-11-17T19:39:57","guid":{"rendered":"https:\/\/linitiative.ca\/International\/crise-securitaire-au-sahel\/"},"modified":"2021-11-17T14:39:57","modified_gmt":"2021-11-17T19:39:57","slug":"crise-securitaire-au-sahel","status":"publish","type":"post","link":"https:\/\/linitiative.ca\/International\/crise-securitaire-au-sahel\/","title":{"rendered":"CRISE SECURITAIRE AU SAHEL"},"content":{"rendered":"<div>\n<p><img decoding=\"async\" width=\"660\" height=\"287\" src=\"https:\/\/linitiative.ca\/International\/wp-content\/uploads\/sites\/23\/2021\/11\/CRISE.jpg\" class=\"attachment- size- wp-post-image\" alt=\"\" loading=\"lazy\" style=\"float:left; margin:0 15px 15px 0;\" srcset=\"https:\/\/linitiative.ca\/International\/wp-content\/uploads\/sites\/23\/2021\/11\/CRISE.jpg 660w, https:\/\/lepays.bf\/wp-content\/uploads\/2021\/11\/CRISE-300x130.jpg 300w\" sizes=\"auto, (max-width: 660px) 100vw, 660px\">Tant qu\u2019il se menait sur d\u2019autres th\u00e9\u00e2tres, il \u00e9tait vu comme un ph\u00e9nom\u00e8ne trop lointain des pays africains pour inqui\u00e9ter outre mesure. Et pourtant, il a fini par atterrir en plein milieu du Sahel, \u00e0 la faveur de l\u2019incursion djihadiste de 2013 au Mali, stopp\u00e9e in extremis par la France de Fran\u00e7ois Hollande qui a \u2026<\/p>\n<p>L\u2019article <a rel=\"nofollow\" href=\"https:\/\/lepays.bf\/crise-securitaire-au-sahel-2\/\">CRISE SECURITAIRE AU SAHEL<\/a> est apparu en premier sur <a rel=\"nofollow\" href=\"https:\/\/lepays.bf\/\">Editions Le Pays<\/a>.<\/p>\n<\/div>\n<p>Auteur: Editions LEPAYS<br \/>\n<a href=\"https:\/\/lepays.bf\/crise-securitaire-au-sahel-2\/\">Cliquez ici pour lire l&rsquo;article depuis sa source.<\/a><\/p>\n","protected":false},"excerpt":{"rendered":"<p>Tant qu\u2019il se menait sur d\u2019autres th\u00e9\u00e2tres, il \u00e9tait vu comme un ph\u00e9nom\u00e8ne trop lointain des pays africains pour inqui\u00e9ter outre mesure. Et pourtant, il a fini par atterrir en plein milieu du Sahel, \u00e0 la faveur de l\u2019incursion djihadiste de 2013 au Mali, stopp\u00e9e in extremis par la France de Fran\u00e7ois Hollande qui a [&hellip;]<\/p>\n","protected":false},"author":1813,"featured_media":0,"comment_status":"closed","ping_status":"closed","sticky":false,"template":"","format":"standard","meta":{"fifu_image_url":"https:\/\/lepays.bf\/wp-content\/uploads\/2021\/11\/CRISE.jpg","fifu_image_alt":"CRISE SECURITAIRE AU SAHEL","footnotes":""},"categories":[73,81],"tags":[],"class_list":["post-133242","post","type-post","status-publish","format-standard","hentry","category-actualite","category-burkina-faso"],"_links":{"self":[{"href":"https:\/\/linitiative.ca\/International\/wp-json\/wp\/v2\/posts\/133242","targetHints":{"allow":["GET"]}}],"collection":[{"href":"https:\/\/linitiative.ca\/International\/wp-json\/wp\/v2\/posts"}],"about":[{"href":"https:\/\/linitiative.ca\/International\/wp-json\/wp\/v2\/types\/post"}],"author":[{"embeddable":true,"href":"https:\/\/linitiative.ca\/International\/wp-json\/wp\/v2\/users\/1813"}],"replies":[{"embeddable":true,"href":"https:\/\/linitiative.ca\/International\/wp-json\/wp\/v2\/comments?post=133242"}],"version-history":[{"count":0,"href":"https:\/\/linitiative.ca\/International\/wp-json\/wp\/v2\/posts\/133242\/revisions"}],"wp:attachment":[{"href":"https:\/\/linitiative.ca\/International\/wp-json\/wp\/v2\/media?parent=133242"}],"wp:term":[{"taxonomy":"category","embeddable":true,"href":"https:\/\/linitiative.ca\/International\/wp-json\/wp\/v2\/categories?post=133242"},{"taxonomy":"post_tag","embeddable":true,"href":"https:\/\/linitiative.ca\/International\/wp-json\/wp\/v2\/tags?post=133242"}],"curies":[{"name":"wp","href":"https:\/\/api.w.org\/{rel}","templated":true}]}}