{"id":133244,"date":"2021-11-17T14:43:13","date_gmt":"2021-11-17T19:43:13","guid":{"rendered":"https:\/\/linitiative.ca\/International\/depart-de-barkhane-de-tessalit\/"},"modified":"2021-11-17T14:43:13","modified_gmt":"2021-11-17T19:43:13","slug":"depart-de-barkhane-de-tessalit","status":"publish","type":"post","link":"https:\/\/linitiative.ca\/International\/depart-de-barkhane-de-tessalit\/","title":{"rendered":"DEPART DE BARKHANE DE TESSALIT"},"content":{"rendered":"<div>\n<p><img decoding=\"async\" width=\"592\" height=\"296\" src=\"https:\/\/linitiative.ca\/International\/wp-content\/uploads\/sites\/23\/2021\/11\/BARKHANE-1.jpg\" class=\"attachment- size- wp-post-image\" alt=\"\" loading=\"lazy\" style=\"float:left; margin:0 15px 15px 0;\" srcset=\"https:\/\/linitiative.ca\/International\/wp-content\/uploads\/sites\/23\/2021\/11\/BARKHANE-1.jpg 592w, https:\/\/lepays.bf\/wp-content\/uploads\/2021\/11\/BARKHANE-1-300x150.jpg 300w\" sizes=\"auto, (max-width: 592px) 100vw, 592px\">Apr\u00e8s la base de Kidal en mi-octobre, celle de Tessalit situ\u00e9e \u00e0 une dizaine de kilom\u00e8tres de la fronti\u00e8re avec l\u2019Alg\u00e9rie, vient d\u2019\u00eatre transf\u00e9r\u00e9e aux Forces arm\u00e9es maliennes (FAMa) par la force fran\u00e7aise Barkhane. L\u2019annonce a \u00e9t\u00e9 faite par le Chef d\u2019\u00e9tat-major fran\u00e7ais qui pr\u00e9cise que \u00ab\u00a0les derniers soldats fran\u00e7ais ont quitt\u00e9 le site le \u2026<\/p>\n<p>L\u2019article <a rel=\"nofollow\" href=\"https:\/\/lepays.bf\/depart-de-barkhane-de-tessalit-2\/\">DEPART DE BARKHANE DE TESSALIT<\/a> est apparu en premier sur <a rel=\"nofollow\" href=\"https:\/\/lepays.bf\/\">Editions Le Pays<\/a>.<\/p>\n<\/div>\n<p>Auteur: Editions LEPAYS<br \/>\n<a href=\"https:\/\/lepays.bf\/depart-de-barkhane-de-tessalit-2\/\">Cliquez ici pour lire l&rsquo;article depuis sa source.<\/a><\/p>\n","protected":false},"excerpt":{"rendered":"<p>Apr\u00e8s la base de Kidal en mi-octobre, celle de Tessalit situ\u00e9e \u00e0 une dizaine de kilom\u00e8tres de la fronti\u00e8re avec l\u2019Alg\u00e9rie, vient d\u2019\u00eatre transf\u00e9r\u00e9e aux Forces arm\u00e9es maliennes (FAMa) par la force fran\u00e7aise Barkhane. L\u2019annonce a \u00e9t\u00e9 faite par le Chef d\u2019\u00e9tat-major fran\u00e7ais qui pr\u00e9cise que \u00ab\u00a0les derniers soldats fran\u00e7ais ont quitt\u00e9 le site le [&hellip;]<\/p>\n","protected":false},"author":1813,"featured_media":0,"comment_status":"closed","ping_status":"closed","sticky":false,"template":"","format":"standard","meta":{"fifu_image_url":"https:\/\/lepays.bf\/wp-content\/uploads\/2021\/11\/BARKHANE-1.jpg","fifu_image_alt":"DEPART DE BARKHANE DE TESSALIT","footnotes":""},"categories":[73,81],"tags":[],"class_list":["post-133244","post","type-post","status-publish","format-standard","hentry","category-actualite","category-burkina-faso"],"_links":{"self":[{"href":"https:\/\/linitiative.ca\/International\/wp-json\/wp\/v2\/posts\/133244","targetHints":{"allow":["GET"]}}],"collection":[{"href":"https:\/\/linitiative.ca\/International\/wp-json\/wp\/v2\/posts"}],"about":[{"href":"https:\/\/linitiative.ca\/International\/wp-json\/wp\/v2\/types\/post"}],"author":[{"embeddable":true,"href":"https:\/\/linitiative.ca\/International\/wp-json\/wp\/v2\/users\/1813"}],"replies":[{"embeddable":true,"href":"https:\/\/linitiative.ca\/International\/wp-json\/wp\/v2\/comments?post=133244"}],"version-history":[{"count":0,"href":"https:\/\/linitiative.ca\/International\/wp-json\/wp\/v2\/posts\/133244\/revisions"}],"wp:attachment":[{"href":"https:\/\/linitiative.ca\/International\/wp-json\/wp\/v2\/media?parent=133244"}],"wp:term":[{"taxonomy":"category","embeddable":true,"href":"https:\/\/linitiative.ca\/International\/wp-json\/wp\/v2\/categories?post=133244"},{"taxonomy":"post_tag","embeddable":true,"href":"https:\/\/linitiative.ca\/International\/wp-json\/wp\/v2\/tags?post=133244"}],"curies":[{"name":"wp","href":"https:\/\/api.w.org\/{rel}","templated":true}]}}