{"id":133246,"date":"2021-11-17T14:54:39","date_gmt":"2021-11-17T19:54:39","guid":{"rendered":"https:\/\/linitiative.ca\/International\/utilisation-de-balles-explosives-contre-les-manifestants-soudanais\/"},"modified":"2021-11-17T14:54:39","modified_gmt":"2021-11-17T19:54:39","slug":"utilisation-de-balles-explosives-contre-les-manifestants-soudanais","status":"publish","type":"post","link":"https:\/\/linitiative.ca\/International\/utilisation-de-balles-explosives-contre-les-manifestants-soudanais\/","title":{"rendered":"UTILISATION DE BALLES EXPLOSIVES CONTRE LES MANIFESTANTS SOUDANAIS"},"content":{"rendered":"<div>\n<p><img decoding=\"async\" width=\"300\" height=\"168\" src=\"https:\/\/linitiative.ca\/International\/wp-content\/uploads\/sites\/23\/2021\/11\/SOUDAN-1.jpg\" class=\"attachment- size- wp-post-image\" alt=\"\" loading=\"lazy\" style=\"float:left; margin:0 15px 15px 0;\">\u00a0Le t\u00e9moignage est gla\u00e7ant.\u00a0 Il est celui du docteur Salman Oussama de l\u2019h\u00f4pital Royal Care de Khartoum, accouru au chevet de quatre patients sur les vingt-neuf \u00e9vacu\u00e9s \u00e0 cet h\u00f4pital suite aux manifestations du 13 novembre dernier dans la capitale soudanaise. Lisez plut\u00f4t\u00a0: \u00ab\u00a0Je n\u2019avais jamais vu ce type de blessure avant. L\u2019un des patients \u2026<\/p>\n<p>L\u2019article <a rel=\"nofollow\" href=\"https:\/\/lepays.bf\/utilisation-de-balles-explosives-contre-les-manifestants-soudanais\/\">UTILISATION DE BALLES EXPLOSIVES CONTRE LES MANIFESTANTS SOUDANAIS<\/a> est apparu en premier sur <a rel=\"nofollow\" href=\"https:\/\/lepays.bf\/\">Editions Le Pays<\/a>.<\/p>\n<\/div>\n<p>Auteur: Editions LEPAYS<br \/>\n<a href=\"https:\/\/lepays.bf\/utilisation-de-balles-explosives-contre-les-manifestants-soudanais\/\">Cliquez ici pour lire l&rsquo;article depuis sa source.<\/a><\/p>\n","protected":false},"excerpt":{"rendered":"<p>\u00a0Le t\u00e9moignage est gla\u00e7ant.\u00a0 Il est celui du docteur Salman Oussama de l\u2019h\u00f4pital Royal Care de Khartoum, accouru au chevet de quatre patients sur les vingt-neuf \u00e9vacu\u00e9s \u00e0 cet h\u00f4pital suite aux manifestations du 13 novembre dernier dans la capitale soudanaise. Lisez plut\u00f4t\u00a0: \u00ab\u00a0Je n\u2019avais jamais vu ce type de blessure avant. L\u2019un des patients [&hellip;]<\/p>\n","protected":false},"author":1813,"featured_media":0,"comment_status":"closed","ping_status":"closed","sticky":false,"template":"","format":"standard","meta":{"fifu_image_url":"https:\/\/lepays.bf\/wp-content\/uploads\/2021\/11\/SOUDAN-1.jpg","fifu_image_alt":"UTILISATION DE BALLES EXPLOSIVES CONTRE LES MANIFESTANTS SOUDANAIS","footnotes":""},"categories":[73,81],"tags":[],"class_list":["post-133246","post","type-post","status-publish","format-standard","hentry","category-actualite","category-burkina-faso"],"_links":{"self":[{"href":"https:\/\/linitiative.ca\/International\/wp-json\/wp\/v2\/posts\/133246","targetHints":{"allow":["GET"]}}],"collection":[{"href":"https:\/\/linitiative.ca\/International\/wp-json\/wp\/v2\/posts"}],"about":[{"href":"https:\/\/linitiative.ca\/International\/wp-json\/wp\/v2\/types\/post"}],"author":[{"embeddable":true,"href":"https:\/\/linitiative.ca\/International\/wp-json\/wp\/v2\/users\/1813"}],"replies":[{"embeddable":true,"href":"https:\/\/linitiative.ca\/International\/wp-json\/wp\/v2\/comments?post=133246"}],"version-history":[{"count":0,"href":"https:\/\/linitiative.ca\/International\/wp-json\/wp\/v2\/posts\/133246\/revisions"}],"wp:attachment":[{"href":"https:\/\/linitiative.ca\/International\/wp-json\/wp\/v2\/media?parent=133246"}],"wp:term":[{"taxonomy":"category","embeddable":true,"href":"https:\/\/linitiative.ca\/International\/wp-json\/wp\/v2\/categories?post=133246"},{"taxonomy":"post_tag","embeddable":true,"href":"https:\/\/linitiative.ca\/International\/wp-json\/wp\/v2\/tags?post=133246"}],"curies":[{"name":"wp","href":"https:\/\/api.w.org\/{rel}","templated":true}]}}