{"id":133252,"date":"2021-11-17T17:10:22","date_gmt":"2021-11-17T22:10:22","guid":{"rendered":"https:\/\/linitiative.ca\/International\/lutte-contre-le-terrorisme-le-mpc-pour-la-creation-dune-cour-martiale\/"},"modified":"2021-11-17T17:10:22","modified_gmt":"2021-11-17T22:10:22","slug":"lutte-contre-le-terrorisme-le-mpc-pour-la-creation-dune-cour-martiale","status":"publish","type":"post","link":"https:\/\/linitiative.ca\/International\/lutte-contre-le-terrorisme-le-mpc-pour-la-creation-dune-cour-martiale\/","title":{"rendered":"Lutte contre le terrorisme : Le MPC pour la cr\u00e9ation d\u2019une Cour martiale"},"content":{"rendered":"<div>\n<p><strong>Le Mouvement des peuples citoyens (MPC) a anim\u00e9, le mercredi 17 novembre 2021, \u00e0 Ouagadougou, une conf\u00e9rence de presse sur la situation s\u00e9curitaire au Burkina Faso. Pour lutter contre le terrorisme, le MPC a propos\u00e9 la cr\u00e9ation d\u2019une Cour martiale compos\u00e9e uniquement de militaires pour juger les pr\u00e9sum\u00e9s terroristes et leurs complices. <\/strong><\/p>\n<p>En vue de lutter contre le terrorisme qui s\u00e9vit au Burkina Faso, le Mouvement des peuples citoyens (MPC) propose la cr\u00e9ation d\u2019une Cour martiale compos\u00e9e de militaires pour juger les terroristes et leurs complices. Cette proposition a \u00e9t\u00e9 faite, le mercredi 17 novembre 2021, \u00e0 Ouagadougou, au cours d\u2019une conf\u00e9rence de presse anim\u00e9e par le coordonnateur national du MPC, Idrissa Nogo. Selon le conf\u00e9rencier, la Cour martiale est un tribunal d\u2019exception cr\u00e9\u00e9 en temps de guerre pour juger les citoyens d\u2019un pays qui pactisent avec l\u2019ennemi. \u00ab Le Burkina est en guerre et l\u2019ennemi est bien connu.<\/p>\n<p>En cons\u00e9quence, le gouvernement doit s\u2019imposer une autre voie propos\u00e9e par le MPC : la cr\u00e9ation diligente d\u2019une Cour martiale exclusivement constitu\u00e9e de militaires pour juger les terroristes et leurs suppl\u00e9tifs locaux \u00bb, a-t-il expliqu\u00e9. Pour lutter contre le terrorisme, le MPC souscrit \u00e0 l\u2019appel \u00e0 l\u2019union sacr\u00e9e autour des Forces de d\u00e9fense et de s\u00e9curit\u00e9 (FDS), qui meurent au front depuis 2016 pour sauver la patrie, r\u00e9cemment lanc\u00e9 par le Pr\u00e9sident du Faso, Roch Marc Christian Kabor\u00e9.<\/p>\n<p>\u00ab Un Etat n\u00e9ant, c\u2019est la patrie qui tombe avec tous ses habitants \u00bb, a-t-il averti tout en exhortant le gouvernement \u00e0 \u00e9couter le cri de d\u00e9tresse et les appels au secours des populations victimes des exactions des groupes arm\u00e9s terroristes. Pour Idrissa Nogo, ce sont des Burkinab\u00e8 qui attaquent et tuent leurs \u00ab fr\u00e8res burkinab\u00e8 \u00bb. Que pensez-vous de l\u2019appel \u00e0 d\u00e9mission lanc\u00e9 par des organisations de la soci\u00e9t\u00e9 civile ? Pour le conf\u00e9rencier, chacun est dans son r\u00f4le. Dans un Etat d\u00e9mocratique, a fait savoir le coordonnateur national du MPC, tout le monde a droit \u00e0 la parole.<\/p>\n<p>\u00ab J\u2019aurai joint ma voix \u00e0 leur appel si c\u2019\u00e9tait \u00e0 cause de la mal gouvernance \u00e9conomique \u00bb, a-t-il soutenu. De l\u2019avis de M. Nogo, le pr\u00e9sident Kabor\u00e9 peut d\u00e9missionner et la situation s\u00e9curitaire ne va pas s\u2019am\u00e9liorer. Il en veut pour preuve les cas malien et m\u00eame nig\u00e9rien o\u00f9 il y a eu des changements \u00e0 la t\u00eate de l\u2019Etat sans une am\u00e9lioration de la situation s\u00e9curitaire.<\/p>\n<p style=\"text-align: right\"><strong>Timoth\u00e9e SOME<\/strong><\/p>\n<p style=\"text-align: right\">timothesom@yahoo.fr<\/p>\n<p>L\u2019article <a rel=\"nofollow\" href=\"https:\/\/www.sidwaya.info\/blog\/2021\/11\/17\/lutte-contre-le-terrorisme-le-mpc-pour-la-creation-dune-cour-martiale\/\">Lutte contre le terrorisme : Le MPC pour la cr\u00e9ation d\u2019une Cour martiale<\/a> est apparu en premier sur <a rel=\"nofollow\" href=\"https:\/\/www.sidwaya.info\/\">Quotidien Sidwaya<\/a>.<\/p>\n<\/div>\n<p>Auteur: JK. Sidwaya<br \/>\n<a href=\"https:\/\/www.sidwaya.info\/blog\/2021\/11\/17\/lutte-contre-le-terrorisme-le-mpc-pour-la-creation-dune-cour-martiale\/\">Cliquez ici pour lire l&rsquo;article depuis sa source.<\/a><\/p>\n","protected":false},"excerpt":{"rendered":"<p>Le Mouvement des peuples citoyens (MPC) a anim\u00e9, le mercredi 17 novembre 2021, \u00e0 Ouagadougou, une conf\u00e9rence de presse sur la situation s\u00e9curitaire au Burkina Faso. Pour lutter contre le terrorisme, le MPC a propos\u00e9 la cr\u00e9ation d\u2019une Cour martiale compos\u00e9e uniquement de militaires pour juger les pr\u00e9sum\u00e9s terroristes et leurs complices. En vue de [&hellip;]<\/p>\n","protected":false},"author":1816,"featured_media":0,"comment_status":"closed","ping_status":"closed","sticky":false,"template":"","format":"standard","meta":{"fifu_image_url":"","fifu_image_alt":"","footnotes":""},"categories":[73,81],"tags":[],"class_list":["post-133252","post","type-post","status-publish","format-standard","hentry","category-actualite","category-burkina-faso"],"_links":{"self":[{"href":"https:\/\/linitiative.ca\/International\/wp-json\/wp\/v2\/posts\/133252","targetHints":{"allow":["GET"]}}],"collection":[{"href":"https:\/\/linitiative.ca\/International\/wp-json\/wp\/v2\/posts"}],"about":[{"href":"https:\/\/linitiative.ca\/International\/wp-json\/wp\/v2\/types\/post"}],"author":[{"embeddable":true,"href":"https:\/\/linitiative.ca\/International\/wp-json\/wp\/v2\/users\/1816"}],"replies":[{"embeddable":true,"href":"https:\/\/linitiative.ca\/International\/wp-json\/wp\/v2\/comments?post=133252"}],"version-history":[{"count":0,"href":"https:\/\/linitiative.ca\/International\/wp-json\/wp\/v2\/posts\/133252\/revisions"}],"wp:attachment":[{"href":"https:\/\/linitiative.ca\/International\/wp-json\/wp\/v2\/media?parent=133252"}],"wp:term":[{"taxonomy":"category","embeddable":true,"href":"https:\/\/linitiative.ca\/International\/wp-json\/wp\/v2\/categories?post=133252"},{"taxonomy":"post_tag","embeddable":true,"href":"https:\/\/linitiative.ca\/International\/wp-json\/wp\/v2\/tags?post=133252"}],"curies":[{"name":"wp","href":"https:\/\/api.w.org\/{rel}","templated":true}]}}