{"id":133253,"date":"2021-11-17T17:14:43","date_gmt":"2021-11-17T22:14:43","guid":{"rendered":"https:\/\/linitiative.ca\/International\/7-ans-de-bail-en-taule-pour-viol-sur-une-mineure\/"},"modified":"2021-11-17T17:14:43","modified_gmt":"2021-11-17T22:14:43","slug":"7-ans-de-bail-en-taule-pour-viol-sur-une-mineure","status":"publish","type":"post","link":"https:\/\/linitiative.ca\/International\/7-ans-de-bail-en-taule-pour-viol-sur-une-mineure\/","title":{"rendered":"7 ans de bail en taule pour viol sur une mineure"},"content":{"rendered":"<div>\n<p>Ag\u00e9 de 31 ans, T.O., aide-ma\u00e7on de profession dans la ville de Bobo-Dioulasso, c\u00e9libataire et p\u00e8re de trois enfants, \u00e9tait devant les juges, ce mardi 16 novembre 2021, pour r\u00e9pondre des faits de \u00ab viol\u00bb sur la personne de U.B., \u00e2g\u00e9e de 12 ans. Les faits remontent en ao\u00fbt 2021 \u00e0 Bobo-Dioulasso quand la victime s\u2019est rendue chez T.O. Interrog\u00e9, le pr\u00e9venu ne reconnait pas ces faits de viol mais reconnait avoir eu un contact avec la fillette de 12 ans. Des all\u00e9gations r\u00e9fut\u00e9es par la victime qui soutient avoir eu des rapports intimes avec T.O. sans son consentement. \u00ab Une fois chez lui, il m\u2019a d\u00e9shabill\u00e9e et il m\u2019a p\u00e9n\u00e9tr\u00e9e, tout en me mena\u00e7ant de ne raconter \u00e0 personne ce qui s\u2019est pass\u00e9 \u00bb, a-t-elle soutenu \u00e0 la barre. Pour sa d\u00e9fense, le pr\u00e9venu s\u2019inscrit en faux de ces propos de la mineure. A la question des juges de d\u00e9crire le drap sur lequel l\u2019acte s\u2019est pass\u00e9, la victime soutient que le matelas de T.O. \u00e9tait sans drap. Une r\u00e9ponse corrobor\u00e9e par l\u2019accus\u00e9 qui reconna\u00eet que son matelas n\u2019a pas de drap. Pour les juges, T.O. est un menteur car le certificat de l\u2019expertise m\u00e9dicale \u00e9tablie, \u00e0 la demande de la m\u00e8re de la victime a r\u00e9v\u00e9l\u00e9 \u00ab une d\u00e9chirure de l\u2019hymen \u00bb prouvant les dires de la fillette selon lesquels, elle n\u2019avait pas connu d\u2019homme avant ce jour du mois d\u2019ao\u00fbt 2021. En estimant que les faits sont gravissimes, le parquet a demand\u00e9 \u00e0 la Cour de maintenir T.O. dans les lieux de d\u00e9tention et de le d\u00e9clarer coupable des faits de viol. En r\u00e9pression, le procureur a requis une condamnation ferme de 10 ans de prison et une amende d\u2019un million de francs CFA. Statuant publiquement, contradictoirement, en mati\u00e8re correctionnelle et en premier ressort, la Cour a condamn\u00e9 T.O. \u00e0 une peine d\u2019emprisonnement ferme de 7 ans et une amende de 6 millions de francs pour s\u2019\u00eatre rendu coupable de viol sur U.B.<\/p>\n<hr>\n<p><strong>Il se fait passer pour un gendarme pour escroquer 845 000 FCFA <\/strong><\/p>\n<p>N.D. a comparu, le mardi 16 novembre 2021, \u00e0 la Chambre correctionnelle de Bobo-Dioulasso, pour avoir escroqu\u00e9 845 000 F CFA de M.S. . Les faits se sont d\u00e9roul\u00e9s en juillet 2021. En effet, N.D., qui s\u2019est pr\u00e9sent\u00e9 comme un gendarme \u00e0 la victime, proposait ses services \u00e0 M.S. pour lib\u00e9rer son petit fr\u00e8re appr\u00e9hend\u00e9 \u00e0 Mangodara pour terrorisme. A la barre, le pr\u00e9venu reconnait partiellement les faits en avouant avoir appel\u00e9 la victime.<\/p>\n<p>\u00ab Mais je ne me suis jamais pr\u00e9sent\u00e9 comme un gendarme \u00bb, souligne-t-il aux juges de la Chambre correctionnelle. N\u00e9anmoins, il reconnait avoir per\u00e7u de M.S. la somme de 845 000 F CFA pour l\u2019aider \u00e0 lib\u00e9rer son fr\u00e8re. Interrog\u00e9 sur la question de savoir qui lui a dit qu\u2019on pouvait obtenir la lib\u00e9ration d\u2019un d\u00e9tenu moyennant de l\u2019argent, le pr\u00e9venu soutient que c\u2019est un ami qui n\u2019est ni gendarme ni policier. Alors, pourquoi avez-vous pris un tel engagement ? Sur quoi comptiez-vous pour le lib\u00e9rer ? poursuivent les juges.<\/p>\n<p>\u00ab C\u2018\u00e9tait un deal entre mon ami et moi \u00bb, r\u00e9torque N.D. ajoutant que cet ami lui avait assur\u00e9 de la lib\u00e9ration du fr\u00e8re de la victime. Pour le minist\u00e8re public, le pr\u00e9venu ne fait que raconter des mensonges car, durant l\u2019enqu\u00eate pr\u00e9liminaire, il s\u2019est pr\u00e9sent\u00e9 comme un gendarme devant le procureur. Les faits d\u2019escroquerie deviennent aggravants si l\u2019accus\u00e9 utilise le nom d\u2019une autorit\u00e9 (policier, gendarme, maire, gouverneur). Reconnu coupable, N.D. a \u00e9t\u00e9 condamn\u00e9 \u00e0 5 ans de prison ferme et au versement de 10 millions d\u2019amende assortis de sursis.<\/p>\n<hr>\n<p><strong>Condamn\u00e9 pour abus de confiance <\/strong><\/p>\n<p>Orpailleur de profession \u00e0 Moussobadougou, O.L. \u00e9tait \u00e0 la barre des accus\u00e9s de la Chambre correctionnelle du Tribunal de grande instance de Bobo, ce mardi 16 novembre 2021, pour abus de confiance. Courant septembre 2021 \u00e0 Ouahigouya, O.L. sollicite la moto d\u2019un ami pour faire une course. Il ne reviendra pas avec l\u2019engin car ayant pris la poudre d\u2019escampette pour se retrouver \u00e0 Moussobadougou dans la r\u00e9gion des Cascades. Malheureusement, l\u2019accus\u00e9 sera \u00e9pingl\u00e9 lors d\u2019un contr\u00f4le de routine de la police. Sans ambages, il a reconnu les faits \u00e0 lui reproch\u00e9s. Pour le minist\u00e8re public, le fait de solliciter une moto afin de la rendre et lorsqu\u2019elle n\u2019a pas \u00e9t\u00e9 rendue constitue un abus de confiance. Pour ce fait, le procureur a r\u00e9clam\u00e9 de la Cour qu\u2019il soit condamn\u00e9 \u00e0 12 mois de prison ferme et \u00e0 une amende de 500 000 F CFA ferme aussi. Pour sa d\u00e9fense, O.L. a implor\u00e9 la cl\u00e9mence du tribunal. Au final, il a \u00e9cop\u00e9 de 12 mois de prison dont 6 mois de prison ferme et d\u2019une amende de 500 000 FCFA avec sursis.<\/p>\n<p style=\"text-align: right\">Rassembl\u00e9s par<\/p>\n<p style=\"text-align: right\"><strong> Boudayinga J-M THIENON<\/strong><\/p>\n<p>L\u2019article <a rel=\"nofollow\" href=\"https:\/\/www.sidwaya.info\/blog\/2021\/11\/17\/7-ans-de-bail-en-taule-pour-viol-sur-une-mineure\/\">7 ans de bail en taule pour viol sur une mineure<\/a> est apparu en premier sur <a rel=\"nofollow\" href=\"https:\/\/www.sidwaya.info\/\">Quotidien Sidwaya<\/a>.<\/p>\n<\/div>\n<p>Auteur: JK. Sidwaya<br \/>\n<a href=\"https:\/\/www.sidwaya.info\/blog\/2021\/11\/17\/7-ans-de-bail-en-taule-pour-viol-sur-une-mineure\/\">Cliquez ici pour lire l&rsquo;article depuis sa source.<\/a><\/p>\n","protected":false},"excerpt":{"rendered":"<p>Ag\u00e9 de 31 ans, T.O., aide-ma\u00e7on de profession dans la ville de Bobo-Dioulasso, c\u00e9libataire et p\u00e8re de trois enfants, \u00e9tait devant les juges, ce mardi 16 novembre 2021, pour r\u00e9pondre des faits de \u00ab viol\u00bb sur la personne de U.B., \u00e2g\u00e9e de 12 ans. Les faits remontent en ao\u00fbt 2021 \u00e0 Bobo-Dioulasso quand la victime [&hellip;]<\/p>\n","protected":false},"author":1816,"featured_media":0,"comment_status":"closed","ping_status":"closed","sticky":false,"template":"","format":"standard","meta":{"fifu_image_url":"","fifu_image_alt":"","footnotes":""},"categories":[73,81],"tags":[],"class_list":["post-133253","post","type-post","status-publish","format-standard","hentry","category-actualite","category-burkina-faso"],"_links":{"self":[{"href":"https:\/\/linitiative.ca\/International\/wp-json\/wp\/v2\/posts\/133253","targetHints":{"allow":["GET"]}}],"collection":[{"href":"https:\/\/linitiative.ca\/International\/wp-json\/wp\/v2\/posts"}],"about":[{"href":"https:\/\/linitiative.ca\/International\/wp-json\/wp\/v2\/types\/post"}],"author":[{"embeddable":true,"href":"https:\/\/linitiative.ca\/International\/wp-json\/wp\/v2\/users\/1816"}],"replies":[{"embeddable":true,"href":"https:\/\/linitiative.ca\/International\/wp-json\/wp\/v2\/comments?post=133253"}],"version-history":[{"count":0,"href":"https:\/\/linitiative.ca\/International\/wp-json\/wp\/v2\/posts\/133253\/revisions"}],"wp:attachment":[{"href":"https:\/\/linitiative.ca\/International\/wp-json\/wp\/v2\/media?parent=133253"}],"wp:term":[{"taxonomy":"category","embeddable":true,"href":"https:\/\/linitiative.ca\/International\/wp-json\/wp\/v2\/categories?post=133253"},{"taxonomy":"post_tag","embeddable":true,"href":"https:\/\/linitiative.ca\/International\/wp-json\/wp\/v2\/tags?post=133253"}],"curies":[{"name":"wp","href":"https:\/\/api.w.org\/{rel}","templated":true}]}}