{"id":133256,"date":"2021-11-17T12:08:17","date_gmt":"2021-11-17T17:08:17","guid":{"rendered":"https:\/\/linitiative.ca\/International\/cameroun-samuel-etoo-refuse-le-poste-de-premier-vice-president-de-la-fecafoot\/"},"modified":"2021-11-17T12:08:17","modified_gmt":"2021-11-17T17:08:17","slug":"cameroun-samuel-etoo-refuse-le-poste-de-premier-vice-president-de-la-fecafoot","status":"publish","type":"post","link":"https:\/\/linitiative.ca\/International\/cameroun-samuel-etoo-refuse-le-poste-de-premier-vice-president-de-la-fecafoot\/","title":{"rendered":"Cameroun : Samuel Eto\u2019o refuse le poste de premier vice-pr\u00e9sident de la F\u00e9cafoot"},"content":{"rendered":"<div>\n<p><img loading=\"lazy\" decoding=\"async\" width=\"225\" height=\"225\" src=\"https:\/\/linitiative.ca\/International\/wp-content\/uploads\/sites\/23\/2021\/11\/Seidou-Mbombo-Njoya-et-Samuel-Etoo-e1635788476660-1.jpg\" class=\"attachment-post-thumbnail size-post-thumbnail wp-post-image\" alt=\"\" srcset=\"https:\/\/linitiative.ca\/International\/wp-content\/uploads\/sites\/23\/2021\/11\/Seidou-Mbombo-Njoya-et-Samuel-Etoo-e1635788476660-1.jpg 225w, https:\/\/www.journalducameroun.com\/wp-content\/uploads\/2021\/11\/Seidou-Mbombo-Njoya-et-Samuel-Etoo-e1635788476660-150x150.jpg 150w, https:\/\/www.journalducameroun.com\/wp-content\/uploads\/2021\/11\/Seidou-Mbombo-Njoya-et-Samuel-Etoo-e1635788476660-60x60.jpg 60w, https:\/\/www.journalducameroun.com\/wp-content\/uploads\/2021\/11\/Seidou-Mbombo-Njoya-et-Samuel-Etoo-e1635788476660-100x100.jpg 100w\" sizes=\"auto, (max-width: 225px) 100vw, 225px\"><\/p>\n<p style=\"text-align: justify;\"><strong>Malgr\u00e9 la n\u00e9gociation tenue la semaine derni\u00e8re \u00e0 Kinshasa en R\u00e9publique d\u00e9mocratique du Congo, l\u2019ancien capitaine des Lions indomptables a d\u00e9pos\u00e9 son dossier de candidature ce 17 novembre 2021 pour le poste de pr\u00e9sident de la F\u00e9d\u00e9ration camerounaise de football.<\/strong><\/p>\n<p style=\"text-align: justify;\">\n<p style=\"text-align: justify;\">\n<p style=\"text-align: justify;\">\n<p style=\"text-align: justify;\">\n<p style=\"text-align: justify;\">\n<p style=\"text-align: justify;\">Ce mercredi, <strong>Samuel Eto\u2019o<\/strong> a d\u00e9pos\u00e9 son dossier de candidature pour le poste de pr\u00e9sident de la F\u00e9cafoot. Apr\u00e8s quoi il s\u2019est adress\u00e9 \u00e0 la presse. Pour Eto\u2019o il est question d\u2019ouvrir une nouvelle \u00e8re pour le football camerounais.<\/p>\n<p style=\"text-align: justify;\">Il d\u00e9cline quelque peu l\u2019objet de la rencontre tenue la semaine derni\u00e8re \u00e0 Kinshasa en RDC, \u00e0 l\u2019initiative de la FIFA. Suivant ses propos, elle visait \u00e0 le concilier \u00e0 <strong>Se\u00efdou Mbombo Njoya.<\/strong> Ce qu&rsquo;il\u00a0 dit avoir refus\u00e9.<\/p>\n<p style=\"text-align: justify;\">\u00ab\u00a0<em>Comme je l\u2019ai dit \u00e0 Kinshasa, quand on \u00e9choue, on ne demande pas au professeur de tricher sur les notes. On redouble. \u00c7a veut dire qu\u2019on n\u2019a pas \u00e9t\u00e9 bon. Il n\u2019y a pas de d\u00e9bat, Il n\u2019y a pas de proposition de premier vice-pr\u00e9sident. Je serai le prochain pr\u00e9sident de la F\u00e9d\u00e9ration camerounaise de football<\/em>\u00a0\u00bb, d\u00e9clare-t-il.<\/p>\n<p style=\"text-align: justify;\">Eto\u2019o entrevoit des techniques de fraude venant \u00ab\u00a0<em>du camp \u2018en face<\/em>\u00a0\u00bb, mais s\u2019engage \u00e0 aller jusqu\u2019au bout de sa candidature. Le quadruple ballon d\u2019or africain d\u00e9ment l\u2019id\u00e9e selon laquelle son projet consiste \u00e0 corrompre les d\u00e9l\u00e9gu\u00e9s de l\u2019Assembl\u00e9e g\u00e9n\u00e9rale. Pour lui, il leur revient de prendre leur responsabilit\u00e9.<\/p>\n<p>Cet article <a rel=\"nofollow\" href=\"https:\/\/www.journalducameroun.com\/cameroun-samuel-etoo-refuse-le-poste-de-premier-vice-president-de-la-fecafoot-cameroun\/\">Cameroun : Samuel Eto\u2019o refuse le poste de premier vice-pr\u00e9sident de la F\u00e9cafoot<\/a> est apparu en premier sur <a rel=\"nofollow\" href=\"https:\/\/www.journalducameroun.com\/\">Journal du Cameroun<\/a>.<\/p>\n<\/div>\n<p>Auteur: Christian DJIMADEU<br \/>\n<a href=\"https:\/\/www.journalducameroun.com\/cameroun-samuel-etoo-refuse-le-poste-de-premier-vice-president-de-la-fecafoot-cameroun\/\">Cliquez ici pour lire l&rsquo;article depuis sa source.<\/a><\/p>\n","protected":false},"excerpt":{"rendered":"<p>Malgr\u00e9 la n\u00e9gociation tenue la semaine derni\u00e8re \u00e0 Kinshasa en R\u00e9publique d\u00e9mocratique du Congo, l\u2019ancien capitaine des Lions indomptables a d\u00e9pos\u00e9 son dossier de candidature ce 17 novembre 2021 pour le poste de pr\u00e9sident de la F\u00e9d\u00e9ration camerounaise de football. Ce mercredi, Samuel Eto\u2019o a d\u00e9pos\u00e9 son dossier de candidature pour le poste de pr\u00e9sident [&hellip;]<\/p>\n","protected":false},"author":1965,"featured_media":0,"comment_status":"closed","ping_status":"closed","sticky":false,"template":"","format":"standard","meta":{"fifu_image_url":"https:\/\/www.journalducameroun.com\/wp-content\/uploads\/2021\/11\/Seidou-Mbombo-Njoya-et-Samuel-Etoo-e1635788476660.jpg","fifu_image_alt":"Cameroun : Samuel Eto\u2019o refuse le poste de premier vice-pr\u00e9sident de la F\u00e9cafoot","footnotes":""},"categories":[73,82],"tags":[],"class_list":["post-133256","post","type-post","status-publish","format-standard","hentry","category-actualite","category-cameroun"],"_links":{"self":[{"href":"https:\/\/linitiative.ca\/International\/wp-json\/wp\/v2\/posts\/133256","targetHints":{"allow":["GET"]}}],"collection":[{"href":"https:\/\/linitiative.ca\/International\/wp-json\/wp\/v2\/posts"}],"about":[{"href":"https:\/\/linitiative.ca\/International\/wp-json\/wp\/v2\/types\/post"}],"author":[{"embeddable":true,"href":"https:\/\/linitiative.ca\/International\/wp-json\/wp\/v2\/users\/1965"}],"replies":[{"embeddable":true,"href":"https:\/\/linitiative.ca\/International\/wp-json\/wp\/v2\/comments?post=133256"}],"version-history":[{"count":0,"href":"https:\/\/linitiative.ca\/International\/wp-json\/wp\/v2\/posts\/133256\/revisions"}],"wp:attachment":[{"href":"https:\/\/linitiative.ca\/International\/wp-json\/wp\/v2\/media?parent=133256"}],"wp:term":[{"taxonomy":"category","embeddable":true,"href":"https:\/\/linitiative.ca\/International\/wp-json\/wp\/v2\/categories?post=133256"},{"taxonomy":"post_tag","embeddable":true,"href":"https:\/\/linitiative.ca\/International\/wp-json\/wp\/v2\/tags?post=133256"}],"curies":[{"name":"wp","href":"https:\/\/api.w.org\/{rel}","templated":true}]}}