{"id":133258,"date":"2021-11-17T12:18:02","date_gmt":"2021-11-17T17:18:02","guid":{"rendered":"https:\/\/linitiative.ca\/International\/maroc-dakhla-abrite-son-10eme-festival-international-du-film\/"},"modified":"2021-11-17T12:18:02","modified_gmt":"2021-11-17T17:18:02","slug":"maroc-dakhla-abrite-son-10eme-festival-international-du-film","status":"publish","type":"post","link":"https:\/\/linitiative.ca\/International\/maroc-dakhla-abrite-son-10eme-festival-international-du-film\/","title":{"rendered":"Maroc : Dakhla abrite son 10\u00e8me Festival International du Film"},"content":{"rendered":"<div>\n<p><img loading=\"lazy\" decoding=\"async\" width=\"1280\" height=\"1154\" src=\"https:\/\/linitiative.ca\/International\/wp-content\/uploads\/sites\/23\/2021\/11\/16371694829572.jpg\" class=\"attachment-post-thumbnail size-post-thumbnail wp-post-image\" alt=\"\" srcset=\"https:\/\/linitiative.ca\/International\/wp-content\/uploads\/sites\/23\/2021\/11\/16371694829572.jpg 1280w, https:\/\/www.journalducameroun.com\/wp-content\/uploads\/2021\/11\/16371694829572-300x270.jpg 300w, https:\/\/www.journalducameroun.com\/wp-content\/uploads\/2021\/11\/16371694829572-768x692.jpg 768w, https:\/\/www.journalducameroun.com\/wp-content\/uploads\/2021\/11\/16371694829572-1024x923.jpg 1024w, https:\/\/www.journalducameroun.com\/wp-content\/uploads\/2021\/11\/16371694829572-488x440.jpg 488w, https:\/\/www.journalducameroun.com\/wp-content\/uploads\/2021\/11\/16371694829572-600x541.jpg 600w\" sizes=\"auto, (max-width: 1280px) 100vw, 1280px\"><\/p>\n<p>La 10\u00e8me\u00a0\u00e9dition du Festival International du Film de Dakhla aura lieu du 8 au 12 d\u00e9cembre prochain avec la participation de 16 pays africains, ont annonc\u00e9 les organisateurs.\u00a0Au menu de ce Festival, une comp\u00e9tition officielle du long-m\u00e9trage qui verra la participation de 7 films C\u00f4te d&rsquo;Ivoire, du Nigeria, du Ghana, d&rsquo;Egypte, du Cameroun, du Burkina Faso et du Maroc qui concourront pour remporter le Grand Prix Dakhla. Il s&rsquo;agit des films \u00ab La nuit des Rois \u00bb de Philippe Lac\u00f4te (C\u00f4te d&rsquo;Ivoire), \u00ab Histoires de Juju \u00bb de Abba T Makama, C J &lsquo;Fiery&rsquo; Obasi et Michael Omonua (Nigeria), \u00ab Amansa Tiafi \u00bb de Kofi Ofosu-Yeboah (Ghana)<\/p>\n<p>\u00ab Breakable \u00bb de Ahmed Rashwan (Egypte), Bendskins de Narcisse Wandji (Cameroun), \u00ab Annato \u00bb de Fatima Ali Boubakdi (Maroc) et La travers\u00e9e de r\u00e8ne Tassimbedo (Burkina Faso), selon un communiqu\u00e9 de l&rsquo;Association de l&rsquo;animation culturelle et artictique, qui organise ce Festival.<\/p>\n<p>Le jury officiel de la comp\u00e9tition est pr\u00e9sid\u00e9 par le r\u00e9alisateur et producteur s\u00e9n\u00e9galais Moussa Tour\u00e9. Il comprend \u00e9galement les actrices Tela Kpomahou (B\u00e9nin), Mai Omar (Egypte), et les r\u00e9alisateurs Fila David Pierre (Congo) et Mohamed Ahed Bensouda (Maroc).<\/p>\n<p>La c\u00e9r\u00e9monie d&rsquo;ouverture du Festival international du film de Dakhla mettra \u00e0 l&rsquo;honneur un certain nombre de stars du septi\u00e8me art du Maroc et d&rsquo;autres pays.<\/p>\n<p>Au programme de cette messe cin\u00e9matographique figurent la projection de court-m\u00e9trages et des documentaires ainsi que l&rsquo;organisation d&rsquo;ateliers de formation dans de nombreuses disciplines cin\u00e9matographiques et ala tenue d&rsquo;un symposium sur le cin\u00e9ma et la litt\u00e9rature.<\/p>\n<p>Cet article <a rel=\"nofollow\" href=\"https:\/\/www.journalducameroun.com\/maroc-dakhla-abrite-son-10eme-festival-international-du-film\/\">Maroc : Dakhla abrite son 10\u00e8me Festival International du Film<\/a> est apparu en premier sur <a rel=\"nofollow\" href=\"https:\/\/www.journalducameroun.com\/\">Journal du Cameroun<\/a>.<\/p>\n<\/div>\n<p>Auteur: APA News<br \/>\n<a href=\"https:\/\/www.journalducameroun.com\/maroc-dakhla-abrite-son-10eme-festival-international-du-film\/\">Cliquez ici pour lire l&rsquo;article depuis sa source.<\/a><\/p>\n","protected":false},"excerpt":{"rendered":"<p>La 10\u00e8me\u00a0\u00e9dition du Festival International du Film de Dakhla aura lieu du 8 au 12 d\u00e9cembre prochain avec la participation de 16 pays africains, ont annonc\u00e9 les organisateurs.\u00a0Au menu de ce Festival, une comp\u00e9tition officielle du long-m\u00e9trage qui verra la participation de 7 films C\u00f4te d&rsquo;Ivoire, du Nigeria, du Ghana, d&rsquo;Egypte, du Cameroun, du Burkina [&hellip;]<\/p>\n","protected":false},"author":1965,"featured_media":0,"comment_status":"closed","ping_status":"closed","sticky":false,"template":"","format":"standard","meta":{"fifu_image_url":"https:\/\/www.journalducameroun.com\/wp-content\/uploads\/2021\/11\/16371694829572.jpg","fifu_image_alt":"Maroc : Dakhla abrite son 10\u00e8me Festival International du Film","footnotes":""},"categories":[73,82],"tags":[],"class_list":["post-133258","post","type-post","status-publish","format-standard","hentry","category-actualite","category-cameroun"],"_links":{"self":[{"href":"https:\/\/linitiative.ca\/International\/wp-json\/wp\/v2\/posts\/133258","targetHints":{"allow":["GET"]}}],"collection":[{"href":"https:\/\/linitiative.ca\/International\/wp-json\/wp\/v2\/posts"}],"about":[{"href":"https:\/\/linitiative.ca\/International\/wp-json\/wp\/v2\/types\/post"}],"author":[{"embeddable":true,"href":"https:\/\/linitiative.ca\/International\/wp-json\/wp\/v2\/users\/1965"}],"replies":[{"embeddable":true,"href":"https:\/\/linitiative.ca\/International\/wp-json\/wp\/v2\/comments?post=133258"}],"version-history":[{"count":0,"href":"https:\/\/linitiative.ca\/International\/wp-json\/wp\/v2\/posts\/133258\/revisions"}],"wp:attachment":[{"href":"https:\/\/linitiative.ca\/International\/wp-json\/wp\/v2\/media?parent=133258"}],"wp:term":[{"taxonomy":"category","embeddable":true,"href":"https:\/\/linitiative.ca\/International\/wp-json\/wp\/v2\/categories?post=133258"},{"taxonomy":"post_tag","embeddable":true,"href":"https:\/\/linitiative.ca\/International\/wp-json\/wp\/v2\/tags?post=133258"}],"curies":[{"name":"wp","href":"https:\/\/api.w.org\/{rel}","templated":true}]}}