{"id":133265,"date":"2021-11-17T10:01:14","date_gmt":"2021-11-17T15:01:14","guid":{"rendered":"https:\/\/linitiative.ca\/International\/fret-maritime-le-gouvernement-autorise-une-decote-de-80-sur-les-produits-a-limportation\/"},"modified":"2021-11-17T10:01:14","modified_gmt":"2021-11-17T15:01:14","slug":"fret-maritime-le-gouvernement-autorise-une-decote-de-80-sur-les-produits-a-limportation","status":"publish","type":"post","link":"https:\/\/linitiative.ca\/International\/fret-maritime-le-gouvernement-autorise-une-decote-de-80-sur-les-produits-a-limportation\/","title":{"rendered":"Fret maritime : le gouvernement autorise une d\u00e9cote de 80% sur les produits \u00e0 l\u2019importation"},"content":{"rendered":"<div>\n<p>Face \u00e0 l\u2019explosion des co\u00fbts du fret maritime, le ministre des Finances vient de signer une d\u00e9cision \u00ab\u00a0fixant le taux du fret \u00e0 prendre en compte pour la d\u00e9termination de la valeur en douane des marchandises import\u00e9es par voie maritime\u00a0\u00bb.\u00a0\u00a0Ladite d\u00e9cision qui date du 16 novembre 2021, stipule en son article 1<sup>er<\/sup>, que \u00ab\u00a0le montant du fret \u00e0 int\u00e9grer dans la valeur en douane des marchandises import\u00e9es par voie maritime est affect\u00e9 d\u2019un abattement de 80% de la somme totale effectivement pay\u00e9e ou \u00e0 payer pour l\u2019acheminement desdites marchandises, dans le contexte de l\u2019augmentation in\u00e9dite du co\u00fbt de transport international des marchandises\u00a0\u00bb, peut-on lire. Cette nouvelle mesure gouvernementale s\u2019\u00e9tend jusqu\u2019en f\u00e9vrier 2022. \u00ab\u00a0La mesure de d\u00e9cote de 80% du co\u00fbt du fret vis\u00e9e \u00e0 l\u2019article 1 ci-dessus est valable jusqu\u2019au 28 f\u00e9vrier 2022 et renouvelable le cas \u00e9ch\u00e9ant\u00a0\u00bb, ajoute le Minfi.<\/p>\n<p><strong>Lire aussi : <a href=\"https:\/\/ecomatin.net\/le-secteur-prive-menace-de-suspendre-les-s-importations-des-janvier-2022-a-cause-de-lexplosion-du-fret-maritime\/\">Le secteur priv\u00e9 menace de suspendre les importations d\u00e8s janvier 2022 \u00e0 cause de l\u2019explosion du fret maritime<\/a><\/strong><\/p>\n<p>L\u2019on peut donc voir \u00e0 travers cette mesure gouvernementale une r\u00e9ponse \u00e0 la sollicitation du\u00a0secteur priv\u00e9 qui mena\u00e7ait de suspendre les activit\u00e9s d\u2019importations et de production si rien n\u2019\u00e9tait fait par les pouvoirs publics, face \u00e0 la hausse des prix du transport.\u00a0\u00ab A l\u2019issue de la concertation de ce jour (mardi 9 novembre 2021, Ndlr), il ressort que nous faisons face \u00e0 une impasse de taille c\u2019est ainsi que la situation des entreprises continue de se d\u00e9grader en raison des ruptures d\u2019approvisionnement, ainsi que l\u2019absence de visibilit\u00e9 sur les ventes. Cette incertitude tient \u00e0 la difficult\u00e9 de r\u00e9percuter les fortes hausses des co\u00fbts d\u2019approvisionnement sur les prix de vente des produits, et plus particuli\u00e8rement les produits dont les prix sont soumis \u00e0 une homologation pr\u00e9alable et que, dans le m\u00eame temps, les mesures de cost-killing mises en place par les entreprises ont montr\u00e9 leurs limites \u00bb, renseigne un communiqu\u00e9 du Groupement inter patronal du Cameroun (Gicam), datant du 9 novembre dernier, et rendant compte d\u2019une concertation avec les entreprises de divers secteurs d\u2019activit\u00e9s.<\/p>\n<p><strong>Lire aussi<\/strong> : <strong><a href=\"https:\/\/ecomatin.net\/exonerations-le-minfi-sattaque-aux-abus-sur-les-facilites-fiscales-et-douanieres\/\">Exon\u00e9rations : le Minfi s\u2019attaque aux abus sur les facilit\u00e9s fiscales et douani\u00e8res<\/a><\/strong><\/p>\n<p>Notons que le Directeur g\u00e9n\u00e9ral des Douanes, et le Directeur g\u00e9n\u00e9ral de la SGS (S\u00e9curit\u00e9 g\u00e9n\u00e9rale de surveillance), sont interpell\u00e9s pour l\u2019application effective de cette d\u00e9cision.<\/p>\n<p>L\u2019article <a rel=\"nofollow\" href=\"https:\/\/ecomatin.net\/fret-maritime-le-gouvernement-t-autorise-une-decote-de-80-sur-les-produits-a-limportation\/\">Fret maritime : le gouvernement autorise une d\u00e9cote de 80% sur les produits \u00e0 l\u2019importation<\/a> est apparu en premier sur <a rel=\"nofollow\" href=\"https:\/\/ecomatin.net\/\">EcoMatin<\/a>.<\/p>\n<\/div>\n<p>Auteur: Cindy MBALA<br \/>\n<a href=\"https:\/\/ecomatin.net\/fret-maritime-le-gouvernement-t-autorise-une-decote-de-80-sur-les-produits-a-limportation\/\">Cliquez ici pour lire l&rsquo;article depuis sa source.<\/a><\/p>\n","protected":false},"excerpt":{"rendered":"<p>Face \u00e0 l\u2019explosion des co\u00fbts du fret maritime, le ministre des Finances vient de signer une d\u00e9cision \u00ab\u00a0fixant le taux du fret \u00e0 prendre en compte pour la d\u00e9termination de la valeur en douane des marchandises import\u00e9es par voie maritime\u00a0\u00bb.\u00a0\u00a0Ladite d\u00e9cision qui date du 16 novembre 2021, stipule en son article 1er, que \u00ab\u00a0le montant [&hellip;]<\/p>\n","protected":false},"author":1969,"featured_media":0,"comment_status":"closed","ping_status":"closed","sticky":false,"template":"","format":"standard","meta":{"fifu_image_url":"","fifu_image_alt":"","footnotes":""},"categories":[82,78],"tags":[],"class_list":["post-133265","post","type-post","status-publish","format-standard","hentry","category-cameroun","category-economie"],"_links":{"self":[{"href":"https:\/\/linitiative.ca\/International\/wp-json\/wp\/v2\/posts\/133265","targetHints":{"allow":["GET"]}}],"collection":[{"href":"https:\/\/linitiative.ca\/International\/wp-json\/wp\/v2\/posts"}],"about":[{"href":"https:\/\/linitiative.ca\/International\/wp-json\/wp\/v2\/types\/post"}],"author":[{"embeddable":true,"href":"https:\/\/linitiative.ca\/International\/wp-json\/wp\/v2\/users\/1969"}],"replies":[{"embeddable":true,"href":"https:\/\/linitiative.ca\/International\/wp-json\/wp\/v2\/comments?post=133265"}],"version-history":[{"count":0,"href":"https:\/\/linitiative.ca\/International\/wp-json\/wp\/v2\/posts\/133265\/revisions"}],"wp:attachment":[{"href":"https:\/\/linitiative.ca\/International\/wp-json\/wp\/v2\/media?parent=133265"}],"wp:term":[{"taxonomy":"category","embeddable":true,"href":"https:\/\/linitiative.ca\/International\/wp-json\/wp\/v2\/categories?post=133265"},{"taxonomy":"post_tag","embeddable":true,"href":"https:\/\/linitiative.ca\/International\/wp-json\/wp\/v2\/tags?post=133265"}],"curies":[{"name":"wp","href":"https:\/\/api.w.org\/{rel}","templated":true}]}}