{"id":133272,"date":"2021-11-18T09:55:51","date_gmt":"2021-11-18T14:55:51","guid":{"rendered":"https:\/\/linitiative.ca\/International\/reserves-strategiques-un-nouveau-chantier-dindependance\/"},"modified":"2021-11-18T09:55:51","modified_gmt":"2021-11-18T14:55:51","slug":"reserves-strategiques-un-nouveau-chantier-dindependance","status":"publish","type":"post","link":"https:\/\/linitiative.ca\/International\/reserves-strategiques-un-nouveau-chantier-dindependance\/","title":{"rendered":"R\u00e9serves strat\u00e9giques, un nouveau chantier d\u2019ind\u00e9pendance"},"content":{"rendered":"<div>\n<p><img loading=\"lazy\" decoding=\"async\" width=\"300\" height=\"153\" src=\"https:\/\/linitiative.ca\/International\/wp-content\/uploads\/sites\/23\/2021\/11\/Sm-Le-Roi-Mohammed-VI-Discour-Royal-300x153-1.jpg\" class=\"attachment-medium size-medium wp-post-image\" alt=\"\" srcset=\"https:\/\/linitiative.ca\/International\/wp-content\/uploads\/sites\/23\/2021\/11\/Sm-Le-Roi-Mohammed-VI-Discour-Royal-300x153-1.jpg 300w, https:\/\/aujourdhui.ma\/wp-content\/uploads\/2021\/10\/Sm-Le-Roi-Mohammed-VI-Discour-Royal-274x140.jpg 274w, https:\/\/aujourdhui.ma\/wp-content\/uploads\/2021\/10\/Sm-Le-Roi-Mohammed-VI-Discour-Royal.jpg 746w, https:\/\/aujourdhui.ma\/wp-content\/uploads\/2021\/10\/Sm-Le-Roi-Mohammed-VI-Discour-Royal-165x84.jpg 165w, https:\/\/aujourdhui.ma\/wp-content\/uploads\/2021\/10\/Sm-Le-Roi-Mohammed-VI-Discour-Royal-702x358.jpg 702w\" sizes=\"auto, (max-width: 300px) 100vw, 300px\"><\/p>\n<p><span style=\"font-size: 20px; color: #800000;\"><strong>Chantier royal pour mettre le pays \u00e0 l\u2019abri des fluctuations du march\u00e9 international<\/strong><\/span><span id=\"more-391686\"><\/span><\/p>\n<p>SM le Roi veut mettre le Maroc d\u00e9finitivement \u00e0 l\u2019abri. Dans ce sens, le Souverain a fix\u00e9 un nouveau cap et trois axes prioritaires dans le dernier discours royal prononc\u00e9 \u00e0 l\u2019occasion de l\u2019ouverture de la 1\u00e8re session de la 1\u00e8re ann\u00e9e l\u00e9gislative de la 11\u00e8me l\u00e9gislature. SM le Roi Mohammed VI a soulign\u00e9 dans ce sens que la nouvelle l\u00e9gislature s\u2019amorce \u00e0 un moment o\u00f9 le Maroc entre dans une nouvelle phase qui requiert la mutualisation des efforts autour des priorit\u00e9s strat\u00e9giques. Le Souverain a mis l\u2019accent sur la n\u00e9cessit\u00e9 pour le Maroc d\u2019\u00eatre plus apte encore \u00e0 poursuivre son processus de d\u00e9veloppement et \u00e0 relever les d\u00e9fis ext\u00e9rieurs. \u00abDe fait, la crise pand\u00e9mique a r\u00e9v\u00e9l\u00e9 le retour en force du th\u00e8me de la souverainet\u00e9. Qu\u2019elle soit sanitaire, \u00e9nerg\u00e9tique, industrielle, alimentaire ou autre, sa pr\u00e9servation est devenue l\u2019enjeu d\u2019une v\u00e9ritable comp\u00e9tition qui suscite des r\u00e9actions f\u00e9briles chez certains\u00bb, a dit SM le Roi.<\/p>\n<p>Le Souverain a not\u00e9 que si de nombreux pays ont connu d\u2019importants dysfonctionnements dans la fourniture et la distribution des produits de premi\u00e8re n\u00e9cessit\u00e9, le Maroc a r\u00e9ussi, lui, \u00e0 g\u00e9rer ses besoins en la mati\u00e8re et \u00e0 assurer un approvisionnement normal et suffisant de ses march\u00e9s. A cet \u00e9gard, SM le Roi, dans le but de consolider la s\u00e9curit\u00e9 strat\u00e9gique du Maroc, a appel\u00e9 \u00e0 la cr\u00e9ation d\u2019un dispositif national int\u00e9gr\u00e9 ayant pour objet la r\u00e9serve strat\u00e9gique de produits de premi\u00e8re n\u00e9cessit\u00e9, notamment alimentaires, sanitaires et \u00e9nerg\u00e9tiques et \u00e0 la mise \u00e0 jour continue des besoins nationaux en la mati\u00e8re. L\u2019autre grand projet en cours au Maroc concerne la g\u00e9n\u00e9ralisation de la couverture sociale.<\/p>\n<p>Le gouvernement s\u2019\u00e9tait r\u00e9uni r\u00e9cemment pour l\u2019examen des mesures n\u00e9cessaires pour la mise en place du chantier de la g\u00e9n\u00e9ralisation de la protection sociale en application des Hautes Orientations Royales contenues dans plusieurs discours de SM le Roi Mohammed VI, visant \u00e0 consacrer les fondements de l\u2019\u00c9tat social. Cette r\u00e9union a \u00e9galement \u00e9t\u00e9 consacr\u00e9e \u00e0 faire le point sur les moyens de poursuivre et acc\u00e9l\u00e9rer les grands chantiers sociaux entrepris par le Royaume et \u00e0 mettre en \u0153uvre les engagements contenus dans le programme gouvernemental dans son volet relatif \u00e0 la protection sociale. Pour atteindre ces objectifs, et apr\u00e8s avoir examin\u00e9 toutes les \u00e9tapes et mesures prises, le chef du gouvernement a appel\u00e9 tous les acteurs concern\u00e9s \u00e0 intensifier leurs efforts et \u00e0 mobiliser tous les moyens pour atteindre les objectifs fix\u00e9s par Sa Majest\u00e9 le Roi pour ce projet soci\u00e9tal et de fournir des services garantissant la dignit\u00e9 de tous les Marocains et l\u2019acc\u00e8s \u00e0 une protection sociale globale.<\/p>\n<\/div>\n<p>Auteur: ALM<br \/>\n<a href=\"https:\/\/aujourdhui.ma\/actualite\/reserves-strategiques-un-nouveau-chantier-dindependance\">Cliquez ici pour lire l&rsquo;article depuis sa source.<\/a><\/p>\n","protected":false},"excerpt":{"rendered":"<p>Chantier royal pour mettre le pays \u00e0 l\u2019abri des fluctuations du march\u00e9 international SM le Roi veut mettre le Maroc d\u00e9finitivement \u00e0 l\u2019abri. Dans ce sens, le Souverain a fix\u00e9 un nouveau cap et trois axes prioritaires dans le dernier discours royal prononc\u00e9 \u00e0 l\u2019occasion de l\u2019ouverture de la 1\u00e8re session de la 1\u00e8re ann\u00e9e [&hellip;]<\/p>\n","protected":false},"author":1759,"featured_media":0,"comment_status":"closed","ping_status":"closed","sticky":false,"template":"","format":"standard","meta":{"fifu_image_url":"https:\/\/aujourdhui.ma\/wp-content\/uploads\/2021\/10\/Sm-Le-Roi-Mohammed-VI-Discour-Royal-300x153.jpg","fifu_image_alt":"R\u00e9serves strat\u00e9giques, un nouveau chantier d\u2019ind\u00e9pendance","footnotes":""},"categories":[73,54],"tags":[],"class_list":["post-133272","post","type-post","status-publish","format-standard","hentry","category-actualite","category-maroc"],"_links":{"self":[{"href":"https:\/\/linitiative.ca\/International\/wp-json\/wp\/v2\/posts\/133272","targetHints":{"allow":["GET"]}}],"collection":[{"href":"https:\/\/linitiative.ca\/International\/wp-json\/wp\/v2\/posts"}],"about":[{"href":"https:\/\/linitiative.ca\/International\/wp-json\/wp\/v2\/types\/post"}],"author":[{"embeddable":true,"href":"https:\/\/linitiative.ca\/International\/wp-json\/wp\/v2\/users\/1759"}],"replies":[{"embeddable":true,"href":"https:\/\/linitiative.ca\/International\/wp-json\/wp\/v2\/comments?post=133272"}],"version-history":[{"count":0,"href":"https:\/\/linitiative.ca\/International\/wp-json\/wp\/v2\/posts\/133272\/revisions"}],"wp:attachment":[{"href":"https:\/\/linitiative.ca\/International\/wp-json\/wp\/v2\/media?parent=133272"}],"wp:term":[{"taxonomy":"category","embeddable":true,"href":"https:\/\/linitiative.ca\/International\/wp-json\/wp\/v2\/categories?post=133272"},{"taxonomy":"post_tag","embeddable":true,"href":"https:\/\/linitiative.ca\/International\/wp-json\/wp\/v2\/tags?post=133272"}],"curies":[{"name":"wp","href":"https:\/\/api.w.org\/{rel}","templated":true}]}}