{"id":133283,"date":"2021-11-17T13:00:00","date_gmt":"2021-11-17T18:00:00","guid":{"rendered":"https:\/\/linitiative.ca\/International\/aller-de-mal-en-pis\/"},"modified":"2021-11-17T13:00:00","modified_gmt":"2021-11-17T18:00:00","slug":"aller-de-mal-en-pis","status":"publish","type":"post","link":"https:\/\/linitiative.ca\/International\/aller-de-mal-en-pis\/","title":{"rendered":"Aller de mal en pis !"},"content":{"rendered":"<div>\n<p class=\"has-black-color has-text-color\"><strong>\u00ab \u00c9viter Charybde pour tomber en Scylla\u00a0!\u00a0\u00bb, disait la mythologie grecque dans l\u2019odyss\u00e9e o\u00f9 Ulysse affrontait deux dangers successifs. Cette expression de l\u2019antiquit\u00e9 peut convenir aux obstacles qui continuent \u00e0 entraver la marche de notre pays vers l\u2019essor escompt\u00e9. Au fait, en r\u00e9f\u00e9rence aux deux concepts de cette citation surann\u00e9e, on se trouve en face de l\u2019\u00e9cueil de l\u2019exercice politique et le tourbillon du r\u00e9cif social. Deux handicaps qui ne cessent de retarder le d\u00e9collage escompt\u00e9 de la Nation. On a beau survoler les deux contraintes, on se heurte \u00e0 des camouflets cinglants, au fil du temps. En effet, au plan politique, l\u2019\u00e9preuve para\u00eet broyer du pain noir, tant que les formations partisanes n\u2019assument pas pleinement leurs r\u00f4les de m\u00e9diateurs clefs, comme le stipule clairement la loi supr\u00eame. Pour la plupart, elles sont fort \u00e9mouss\u00e9es sans autonomie ni souverainet\u00e9 notoires, alors qu\u2019une\u00a0 frange \u00ab\u00a0groupusculaure\u00a0\u00bb semble planer sur le tapis volant du grand soir cr\u00e9pusculaire, sans aucune incidence sur le cours des \u00e9v\u00e9nements. Hormis certaines exceptions s\u00e9rieuses, on se noie dans l\u2019archa\u00efsme, la m\u00e9diocratie.<\/strong><\/p>\n<p class=\"has-black-color has-text-color\">Ce traitement hybride qu\u2019on s\u2019ent\u00eate d\u2019imprimer \u00e0 la pratique partisane, fond\u00e9e sur l\u2019immixtion et la mainmise, est d\u2019autant plus p\u00e9rilleux qu\u2019il expose le pays, non seulement \u00e0 la technocratie aux centres de d\u00e9cisions, mais aussi \u00e0 la d\u00e9rive du totalitarisme b\u00e9at. La vie d\u00e9mocratique est d\u2019abord des choix politiques \u00e0 adopter, apr\u00e8s d\u00e9bat libre et serein entre les divers antagonistes politiques de toutes ob\u00e9diences. Cet affront laborieux, il n\u2019y a que les partis forts et probes qui puissent le faire dans un pays en pleine \u00e9mergence !<\/p>\n<p class=\"has-black-color has-text-color\">La seconde impasse n\u2019est autre que la condition humaine comme approch\u00e9e dans notre pays. L\u00e0 encore, un gros effort est \u00e0 d\u00e9ployer pour pr\u00e9tendre se hisser \u00e0 un \u00c9tat dont l\u2019\u00e9l\u00e9ment humain est au centre des soucis. Or, il semble que cet aspect est bel et bien rel\u00e9gu\u00e9 au dernier plan. En d\u00e9pit des actions saupoudreuses qu\u2019on tente d\u2019asseoir dans le tissu social du pays, la probl\u00e9matique est encore loin de faire des heureux dans le camp des couches d\u00e9sh\u00e9rit\u00e9es. Ceci \u00e9tant, la diabolisation du champ politique national ne peut conduire alors qu\u2019\u00e0 la faillite sociale !<\/p>\n<p class=\"has-black-color has-text-color\">Charybde et Scylla sont donc continuellement entre nos murs. Ils nous assaillent de toutes parts et hypoth\u00e8quent sans doute, le chemin vers la d\u00e9livrance. Seule une politique, bas\u00e9e sur le respect du paysage partisan, toutes sensibilit\u00e9s confondues, et sur l\u2019int\u00e9r\u00eat r\u00e9el, port\u00e9 sur la ressource humaine, pourrait mener notre bateau \u00e0 bon port. A ce prix, ni l\u2019\u00e9cueil de Charybde, encore moins le tourbillon de Scylla ne sauraient interrompre l\u2019exp\u00e9dition gagnante de notre vaisseau vers la d\u00e9mocratie, le progr\u00e8s et la justice sociale auxquels notre pays ne cesse d\u2019aspire !<\/p>\n<p>L\u2019article <a rel=\"nofollow\" href=\"http:\/\/albayane.press.ma\/aller-de-mal-en-pis.html\">Aller de mal en pis !<\/a> est apparu en premier sur <a rel=\"nofollow\" href=\"http:\/\/albayane.press.ma\/\">ALBAYANE<\/a>.<\/p>\n<\/div>\n<p>Auteur: M&rsquo;hammed rahal<br \/>\n<a href=\"http:\/\/albayane.press.ma\/aller-de-mal-en-pis.html\">Cliquez ici pour lire l&rsquo;article depuis sa source.<\/a><\/p>\n","protected":false},"excerpt":{"rendered":"<p>\u00ab \u00c9viter Charybde pour tomber en Scylla\u00a0!\u00a0\u00bb, disait la mythologie grecque dans l\u2019odyss\u00e9e o\u00f9 Ulysse affrontait deux dangers successifs. Cette expression de l\u2019antiquit\u00e9 peut convenir aux obstacles qui continuent \u00e0 entraver la marche de notre pays vers l\u2019essor escompt\u00e9. Au fait, en r\u00e9f\u00e9rence aux deux concepts de cette citation surann\u00e9e, on se trouve en face [&hellip;]<\/p>\n","protected":false},"author":1760,"featured_media":0,"comment_status":"closed","ping_status":"closed","sticky":false,"template":"","format":"standard","meta":{"fifu_image_url":"","fifu_image_alt":"","footnotes":""},"categories":[73,54],"tags":[],"class_list":["post-133283","post","type-post","status-publish","format-standard","hentry","category-actualite","category-maroc"],"_links":{"self":[{"href":"https:\/\/linitiative.ca\/International\/wp-json\/wp\/v2\/posts\/133283","targetHints":{"allow":["GET"]}}],"collection":[{"href":"https:\/\/linitiative.ca\/International\/wp-json\/wp\/v2\/posts"}],"about":[{"href":"https:\/\/linitiative.ca\/International\/wp-json\/wp\/v2\/types\/post"}],"author":[{"embeddable":true,"href":"https:\/\/linitiative.ca\/International\/wp-json\/wp\/v2\/users\/1760"}],"replies":[{"embeddable":true,"href":"https:\/\/linitiative.ca\/International\/wp-json\/wp\/v2\/comments?post=133283"}],"version-history":[{"count":0,"href":"https:\/\/linitiative.ca\/International\/wp-json\/wp\/v2\/posts\/133283\/revisions"}],"wp:attachment":[{"href":"https:\/\/linitiative.ca\/International\/wp-json\/wp\/v2\/media?parent=133283"}],"wp:term":[{"taxonomy":"category","embeddable":true,"href":"https:\/\/linitiative.ca\/International\/wp-json\/wp\/v2\/categories?post=133283"},{"taxonomy":"post_tag","embeddable":true,"href":"https:\/\/linitiative.ca\/International\/wp-json\/wp\/v2\/tags?post=133283"}],"curies":[{"name":"wp","href":"https:\/\/api.w.org\/{rel}","templated":true}]}}