{"id":133284,"date":"2021-11-17T13:00:00","date_gmt":"2021-11-17T18:00:00","guid":{"rendered":"https:\/\/linitiative.ca\/International\/plf2022-le-pps-rejette-un-decevant-et-en-deca-des-attentes\/"},"modified":"2021-11-17T13:00:00","modified_gmt":"2021-11-17T18:00:00","slug":"plf2022-le-pps-rejette-un-decevant-et-en-deca-des-attentes","status":"publish","type":"post","link":"https:\/\/linitiative.ca\/International\/plf2022-le-pps-rejette-un-decevant-et-en-deca-des-attentes\/","title":{"rendered":"PLF2022 : Le PPS rejette un  d\u00e9cevant et en de\u00e7\u00e0 des attentes"},"content":{"rendered":"<div>\n<p class=\"has-text-align-center has-vivid-cyan-blue-color has-text-color\"><strong>Dans le communiqu\u00e9 hebdomadaire du bureau politique<\/strong><\/p>\n<p class=\"has-black-color has-text-color\"><strong>Le bureau politique du Parti du Progr\u00e8s et du Socialisme a tenu, mardi 16 novembre 2021, sa r\u00e9union p\u00e9riodique et examin\u00e9 de nombreuses questions inscrites \u00e0 son ordre du jour.<\/strong><\/p>\n<p class=\"has-black-color has-text-color\"><strong>Au d\u00e9but de ses travaux, le bureau politique s\u2019est arr\u00eat\u00e9 sur le projet de loi de finances au titre de l\u2019ann\u00e9e budg\u00e9taire 2022 et les d\u00e9bats qui l\u2019ont accompagn\u00e9 \u00e0 la Chambre des Repr\u00e9sentants. Il s\u2019est f\u00e9licit\u00e9, \u00e0 l\u2019occasion, de la contribution qualitative et des propositions et amendements importants du groupe parlementaire du progr\u00e8s et du socialisme, qui ont \u00e9t\u00e9 malheureusement rejet\u00e9s en bloc par le gouvernement pour des raisons non convaincantes. Il a rendu hommage aussi aux efforts remarquables et aux interventions pertinentes de tous les membres du groupe parlementaire du parti \u00e0 ce sujet.<\/strong><\/p>\n<p class=\"has-black-color has-text-color\"><strong>Le bureau politique souligne que le vote du Parti du Progr\u00e8s et du Socialisme contre le projet de loi de finances 2022 s\u2019explique essentiellement par le fait qu\u2019il s\u2019agit d\u2019un projet qui d\u00e9\u00e7oit et qui n\u2019apporte pas les r\u00e9ponses requises aux d\u00e9fis et difficult\u00e9s de l\u2019\u00e9tape ainsi qu\u2019aux attentes des citoyens et des entreprises. Il s\u2019agit d\u2019un projet qui n\u2019est pas en mesure de traduire les slogans annonc\u00e9s dans la d\u00e9claration gouvernementale ou de mettre en \u0153uvre les aspirations et objectifs contenus dans le rapport du nouveau mod\u00e8le de d\u00e9veloppement, adopt\u00e9 comme r\u00e9f\u00e9rence de base par la coalition gouvernementale actuelle.<\/strong><\/p>\n<p class=\"has-black-color has-text-color\"><strong>Le gouvernement doit mettre en \u0153uvre ses promesses pour freiner l\u2019augmentation des prix et donner \u00e0 ses approches plus de profondeur et de globalit\u00e9<\/strong><\/p>\n<p class=\"has-black-color has-text-color\"><strong>En rapport avec le sujet, le bureau politique a poursuivi ses d\u00e9lib\u00e9rations \u00e0 propos de l\u2019augmentation des tarifs des carburants et d\u2019un grand nombre de produits de consommation de base. Ces augmentations portent en effet grandement atteinte au pouvoir d\u2019achat des m\u00e9nages marocains et en particulier des familles d\u00e9munies, compte tenu notamment des r\u00e9percussions sociales f\u00e2cheuses de la pand\u00e9mie du Covid-19.<\/strong><\/p>\n<p class=\"has-black-color has-text-color\"><strong>A ce propos, le bureau politique a pris note des engagements de la ministre de l\u2019\u00e9conomie et des finances \u00e0 la Chambre des Repr\u00e9sentants \u00e0 arr\u00eater l\u2019impact des fluctuations des cours mondiaux et des sp\u00e9culations dans les prix internes. Partant de l\u00e0, le Parti du Progr\u00e8s et du Socialisme demande au gouvernement de mettre en \u0153uvre la totalit\u00e9 des mesures annonc\u00e9es et d\u2019aller le plus loin possible dans cette direction \u00e0 travers la r\u00e9gulation des prix de l\u2019ensemble des produits de base pour prot\u00e9ger le pouvoir d\u2019achat des citoyennes et des citoyens.<\/strong><\/p>\n<p class=\"has-black-color has-text-color\"><strong>COP26\u00a0: des r\u00e9sultats modestes \u00e0 cause du faible engagement des pays les plus pollueurs<\/strong><\/p>\n<p class=\"has-black-color has-text-color\"><strong>Sur un autre plan, le bureau politique a abord\u00e9 la Conf\u00e9rence de Glasgow de 2021 sur les changements climatiques (COP26), exprimant sa d\u00e9ception \u00e0 l\u2019instar de l\u2019ensemble des forces qui d\u00e9fendent l\u2019environnement, \u00e0 l\u2019\u00e9gard des r\u00e9sultats modestes et mitig\u00e9s de cette conf\u00e9rence mondiale. Il s\u2019est arr\u00eat\u00e9 sur le refus de pays \u00ab\u00a0riches\u00a0\u00bb, consid\u00e9r\u00e9s comme \u00e9tant les gros pollueurs de la plan\u00e8te, de s\u2019engager \u00e0 mettre fin \u00e0 l\u2019\u00e9mission de gaz \u00e0 effet de serre et \u00e0 cesser d\u2019utiliser des sources d\u2019\u00e9nergie fossiles et de contribuer au r\u00e9chauffement climatique.<\/strong><\/p>\n<p class=\"has-black-color has-text-color\"><strong>Dans ce cadre, le bureau politique a pass\u00e9 en revue les efforts d\u00e9ploy\u00e9s par notre pays, \u00e0 travers la poursuite d\u2019une politique nationale pionni\u00e8re en mati\u00e8re des \u00e9nergies alternatives et propres et en \u0153uvrant constamment pour le renforcement de la coop\u00e9ration sud-sud en la mati\u00e8re dans le respect des engagements de la COP21 \u00e0 Paris et de la COP22 \u00e0 Marrakech. A ce propos, le Parti du Progr\u00e8s et du Socialisme appelle \u00e0 consolider cette orientation, \u00e0 travers la r\u00e9ussite du passage progressif de l\u2019utilisation des \u00e9nergies fossiles \u00e0 celle des \u00e9nergies renouvelables. Ce qui requiert la rationalisation de l\u2019exploitation des ressources naturelles, y compris le patrimoine hydraulique pour la pr\u00e9servation des droits des g\u00e9n\u00e9rations actuelles et futures sur tous les plans.<\/strong><\/p>\n<p class=\"has-black-color has-text-color\"><strong>La vie interne du parti<\/strong><\/p>\n<p class=\"has-black-color has-text-color\"><strong>Au niveau de la vie interne du parti, le bureau politique a examin\u00e9 toutes les activit\u00e9s organis\u00e9es r\u00e9cemment et en particulier la rencontre des camarades pr\u00e9sidents de communes. Il a pris \u00e0 ce propos une s\u00e9rie de mesures pour r\u00e9pondre aux besoins exprim\u00e9s par les \u00e9lus (es) du parti en mati\u00e8re notamment de formation, d\u2019accompagnement et d\u2019encadrement. Le bureau politique poursuivra par ailleurs l\u2019ex\u00e9cution du programme des rencontres de communication ouverte \u00e0 travers l\u2019ensemble du territoire national, en application des r\u00e9solutions du comit\u00e9 central et conform\u00e9ment au plan d\u2019action du parti au cours de la p\u00e9riode actuelle. \u00a0<\/strong><\/p>\n<p>L\u2019article <a rel=\"nofollow\" href=\"http:\/\/albayane.press.ma\/plf2022-le-pps-rejette-un-decevant-et-en-deca-des-attentes.html\">PLF2022 : Le PPS rejette un  d\u00e9cevant et en de\u00e7\u00e0 des attentes<\/a> est apparu en premier sur <a rel=\"nofollow\" href=\"http:\/\/albayane.press.ma\/\">ALBAYANE<\/a>.<\/p>\n<\/div>\n<p>Auteur: M&rsquo;hammed rahal<br \/>\n<a href=\"http:\/\/albayane.press.ma\/plf2022-le-pps-rejette-un-decevant-et-en-deca-des-attentes.html\">Cliquez ici pour lire l&rsquo;article depuis sa source.<\/a><\/p>\n","protected":false},"excerpt":{"rendered":"<p>Dans le communiqu\u00e9 hebdomadaire du bureau politique Le bureau politique du Parti du Progr\u00e8s et du Socialisme a tenu, mardi 16 novembre 2021, sa r\u00e9union p\u00e9riodique et examin\u00e9 de nombreuses questions inscrites \u00e0 son ordre du jour. Au d\u00e9but de ses travaux, le bureau politique s\u2019est arr\u00eat\u00e9 sur le projet de loi de finances au [&hellip;]<\/p>\n","protected":false},"author":1760,"featured_media":0,"comment_status":"closed","ping_status":"closed","sticky":false,"template":"","format":"standard","meta":{"fifu_image_url":"","fifu_image_alt":"","footnotes":""},"categories":[73,54],"tags":[],"class_list":["post-133284","post","type-post","status-publish","format-standard","hentry","category-actualite","category-maroc"],"_links":{"self":[{"href":"https:\/\/linitiative.ca\/International\/wp-json\/wp\/v2\/posts\/133284","targetHints":{"allow":["GET"]}}],"collection":[{"href":"https:\/\/linitiative.ca\/International\/wp-json\/wp\/v2\/posts"}],"about":[{"href":"https:\/\/linitiative.ca\/International\/wp-json\/wp\/v2\/types\/post"}],"author":[{"embeddable":true,"href":"https:\/\/linitiative.ca\/International\/wp-json\/wp\/v2\/users\/1760"}],"replies":[{"embeddable":true,"href":"https:\/\/linitiative.ca\/International\/wp-json\/wp\/v2\/comments?post=133284"}],"version-history":[{"count":0,"href":"https:\/\/linitiative.ca\/International\/wp-json\/wp\/v2\/posts\/133284\/revisions"}],"wp:attachment":[{"href":"https:\/\/linitiative.ca\/International\/wp-json\/wp\/v2\/media?parent=133284"}],"wp:term":[{"taxonomy":"category","embeddable":true,"href":"https:\/\/linitiative.ca\/International\/wp-json\/wp\/v2\/categories?post=133284"},{"taxonomy":"post_tag","embeddable":true,"href":"https:\/\/linitiative.ca\/International\/wp-json\/wp\/v2\/tags?post=133284"}],"curies":[{"name":"wp","href":"https:\/\/api.w.org\/{rel}","templated":true}]}}