{"id":133286,"date":"2021-11-17T13:00:00","date_gmt":"2021-11-17T18:00:00","guid":{"rendered":"https:\/\/linitiative.ca\/International\/la-sante-mentale-des-jeunes-mise-en-peril-par-la-crise-sanitaire\/"},"modified":"2021-11-17T13:00:00","modified_gmt":"2021-11-17T18:00:00","slug":"la-sante-mentale-des-jeunes-mise-en-peril-par-la-crise-sanitaire","status":"publish","type":"post","link":"https:\/\/linitiative.ca\/International\/la-sante-mentale-des-jeunes-mise-en-peril-par-la-crise-sanitaire\/","title":{"rendered":"La sant\u00e9 mentale des jeunes mise en p\u00e9ril par la crise sanitaire"},"content":{"rendered":"<div>\n<p class=\"has-text-align-center has-vivid-cyan-blue-color has-text-color\"><strong>Selon la D\u00e9fenseure des droits Claire H\u00e9don<\/strong><\/p>\n<p class=\"has-text-align-left has-black-color has-text-color\"><strong>La D\u00e9fenseure des droits Claire H\u00e9don alerte mercredi sur l\u2019\u00e9tat de la sant\u00e9 mentale des jeunes mise \u00e0 mal par la crise sanitaire, avec une augmentation des troubles d\u00e9pressifs et une insuffisante prise en charge psychiatrique, dans son rapport annuel sur les droits de l\u2019enfant.<\/strong><\/p>\n<p class=\"has-text-align-left has-black-color has-text-color\">\u00ab\u00a0Il a \u00e9t\u00e9 d\u00e9montr\u00e9 que le premier confinement a conduit \u00e0 une hausse g\u00e9n\u00e9rale des syndromes d\u00e9pressifs et m\u00eame \u00e0 un doublement chez les 15-24 ans (10% d\u2019entre eux pr\u00e9sentaient un syndrome d\u00e9pressif en 2019, contre plus de 20% en 2020)\u00a0\u00bb, rel\u00e8ve-t-on dans ce rapport qui constate une hausse des \u00ab\u00a0troubles anxieux\u00a0\u00bb et \u00ab\u00a0phobies sociales\u00a0\u00bb.<\/p>\n<p class=\"has-text-align-left has-black-color has-text-color\">Publi\u00e9 \u00e0 l\u2019occasion de la Journ\u00e9e internationale des droits de l\u2019enfant le 20 novembre, le rapport s\u2019appuie sur les r\u00e9clamations re\u00e7ues par le D\u00e9fenseur des droits (3.000 chaque ann\u00e9e), ainsi que la consultation d\u2019enfants et de professionnels (m\u00e9decins et infirmi\u00e8res scolaires, enseignants et \u00e9ducateurs, psychiatres, p\u00e9diatres\u2026).<\/p>\n<p class=\"has-text-align-left has-black-color has-text-color\">La fermeture des \u00e9tablissements scolaires et l\u2019enseignement \u00e0 distance ont aggrav\u00e9 \u00ab\u00a0les risques d\u2019addiction\u00a0\u00bb aux \u00e9crans, a relev\u00e9 le D\u00e9fenseur des Enfants Eric Delemar lors d\u2019une conf\u00e9rence de presse mardi.<\/p>\n<p class=\"has-text-align-left has-black-color has-text-color\">Les professionnels \u00ab\u00a0nous ont interpell\u00e9s sur les difficult\u00e9s des rythmes circadiens, des troubles alimentaires, du sommeil des enfants, qui \u00e9taient \u00e9puis\u00e9s dans les \u00e9coles, qui souffrent de probl\u00e8mes d\u2019attention. Les professeurs ont du mal \u00e0 les mobiliser sur des projets\u00a0\u00bb, a-t-il poursuivi.<\/p>\n<p class=\"has-text-align-left has-black-color has-text-color\">\u00ab\u00a0On dit (au jeune) +ne passe pas trop de temps devant les \u00e9crans+, mais en fait, on lui demande de suivre des cours devant un \u00e9cran, c\u2019est des choses qui sont contradictoires et compliqu\u00e9es pour les enfants\u00a0\u00bb, a pour sa part comment\u00e9 Claire H\u00e9don sur France Inter mercredi.<\/p>\n<p class=\"has-text-align-left has-black-color has-text-color\">\u00ab\u00a0Les demandes de consultations en p\u00e9dopsychiatrie ont augment\u00e9, les retards ont augment\u00e9\u00a0\u00bb, avait-elle d\u00e9clar\u00e9 mardi aux journalistes, jugeant que la sant\u00e9 mentale de l\u2019enfant devait devenir une \u00ab\u00a0priorit\u00e9 publique\u00a0\u00bb.<\/p>\n<p class=\"has-text-align-left has-black-color has-text-color\">\u00ab\u00a0Tout le monde de la p\u00e9dopsychiatrie alerte sur le manque de moyens, on ne peut pas avoir six mois ou un an de d\u00e9lai d\u2019attente pour avoir rendez-vous avec un psy\u00a0\u00bb, a-t-elle aussi estim\u00e9, pointant le manque de personnel dans les Centres m\u00e9dico-psychologiques (CMP) et les centres m\u00e9dicaux psycho-p\u00e9dagogiques\u00a0\u00bb (CMPP), qui permettent une prise en charge publique.<\/p>\n<p class=\"has-text-align-left has-black-color has-text-color\">Or \u00ab\u00a0une prise en charge tr\u00e8s rapide d\u2019un enfant en situation difficile\u00a0\u00bb peut r\u00e9soudre les difficult\u00e9s \u00ab\u00a0en quelques s\u00e9ances\u00a0\u00bb, alors que non trait\u00e9es elles peuvent \u00eatre graves sur le long terme, y compris \u00ab\u00a0\u00e0 l\u2019\u00e2ge adulte\u00a0\u00bb, rel\u00e8ve-t-elle.<\/p>\n<p class=\"has-text-align-left has-black-color has-text-color\">\u00ab\u00a0Un enfant qui ne va pas bien deviendra un adulte qui va mal\u00a0\u00bb et qui vivra dans \u00ab\u00a0une soci\u00e9t\u00e9 qui va mal\u00a0\u00bb, souligne aussi la D\u00e9fenseure des droits.<br \/>Les enfants et jeunes ont eu l\u2019impression de ne pas \u00eatre \u00e9cout\u00e9s ni consult\u00e9s pendant cette crise sanitaire, a observ\u00e9 le D\u00e9fenseur des Enfants.<\/p>\n<p class=\"has-text-align-left has-black-color has-text-color\">\u00ab\u00a0Ils retournaient au lyc\u00e9e pour passer des \u00e9valuations mais quand il s\u2019agissait d\u2019apprendre, ils \u00e9taient seuls \u00e0 la maison, livr\u00e9s \u00e0 eux-m\u00eames\u00a0\u00bb, a-t-il observ\u00e9, remarquant que nombre d\u2019entre eux n\u2019envisageaient plus de poursuivre leurs \u00e9tudes.<\/p>\n<p class=\"has-text-align-left has-black-color has-text-color\">Quant \u00e0 se faire soigner, c\u2019est impossible pour un enfant si ses parents n\u2019en ont pas l\u2019initiative, a-t-il dit.<\/p>\n<p class=\"has-text-align-left has-black-color has-text-color\">Sur le harc\u00e8lement scolaire, qui concerne en France 700.000 enfants environ selon le D\u00e9fenseur, et qui est \u00e0 la source de nombreuses r\u00e9clamations qu\u2019il re\u00e7oit, les enfants ne sont pas non plus \u00e9cout\u00e9s: \u00ab\u00a0Ce qui nous frappe \u00e0 chaque fois, c\u2019est le temps de r\u00e9action de l\u2019institution scolaire. On n\u2019a pas su \u00e9couter l\u2019enfant \u00e0 temps, on s\u2019\u00e9tonne qu\u2019il n\u2019ait pas parl\u00e9, mais qu\u2019est-ce qu\u2019on a pr\u00e9vu pour recueillir la parole de l\u2019enfant?\u00a0\u00bb, d\u00e9plore Mme H\u00e9don.<\/p>\n<p class=\"has-text-align-left has-black-color has-text-color\">\u00ab\u00a0L\u2019\u00e9cole dit +\u00e7a se passe sur les r\u00e9seaux sociaux, c\u2019est pas chez moi+. Or ce que nous constatons, c\u2019est que \u00e7a d\u00e9marre \u00e0 l\u2019\u00e9cole et \u00e7a d\u00e9rape sur les r\u00e9seaux sociaux\u00a0\u00bb, a-t-elle ajout\u00e9 sur France Inter.<\/p>\n<p class=\"has-text-align-left has-black-color has-text-color\">\u00ab\u00a0C\u2019est indispensable \u00e0 l\u2019\u00e9cole de former les jeunes \u00e0 leurs droits. (\u2026) Quand un enfant conna\u00eet ses droits, il comprend que ce qu\u2019il est en train de vivre n\u2019est pas normal, \u00e7a sensibilise les autres, \u00e7a lib\u00e8re la parole\u00a0\u00bb, affirme-t-elle.<\/p>\n<p class=\"has-text-align-left has-black-color has-text-color\">Le rapport fait 29 recommandations plus g\u00e9n\u00e9rales, notamment am\u00e9liorer les dispositifs d\u2019accueil du jeune enfant, d\u00e9velopper le \u00ab\u00a0soutien \u00e0 la parentalit\u00e9\u00a0\u00bb, ouvrir des \u00ab\u00a0maisons des adolescents\u00a0\u00bb dans chaque d\u00e9partement. AFP<\/p>\n<p>L\u2019article <a rel=\"nofollow\" href=\"http:\/\/albayane.press.ma\/la-sante-mentale-des-jeunes-mise-en-peril-par-la-crise-sanitaire.html\">La sant\u00e9 mentale des jeunes mise en p\u00e9ril par la crise sanitaire<\/a> est apparu en premier sur <a rel=\"nofollow\" href=\"http:\/\/albayane.press.ma\/\">ALBAYANE<\/a>.<\/p>\n<\/div>\n<p>Auteur: M&rsquo;hammed rahal<br \/>\n<a href=\"http:\/\/albayane.press.ma\/la-sante-mentale-des-jeunes-mise-en-peril-par-la-crise-sanitaire.html\">Cliquez ici pour lire l&rsquo;article depuis sa source.<\/a><\/p>\n","protected":false},"excerpt":{"rendered":"<p>Selon la D\u00e9fenseure des droits Claire H\u00e9don La D\u00e9fenseure des droits Claire H\u00e9don alerte mercredi sur l\u2019\u00e9tat de la sant\u00e9 mentale des jeunes mise \u00e0 mal par la crise sanitaire, avec une augmentation des troubles d\u00e9pressifs et une insuffisante prise en charge psychiatrique, dans son rapport annuel sur les droits de l\u2019enfant. \u00ab\u00a0Il a \u00e9t\u00e9 [&hellip;]<\/p>\n","protected":false},"author":1760,"featured_media":0,"comment_status":"closed","ping_status":"closed","sticky":false,"template":"","format":"standard","meta":{"fifu_image_url":"","fifu_image_alt":"","footnotes":""},"categories":[73,54],"tags":[],"class_list":["post-133286","post","type-post","status-publish","format-standard","hentry","category-actualite","category-maroc"],"_links":{"self":[{"href":"https:\/\/linitiative.ca\/International\/wp-json\/wp\/v2\/posts\/133286","targetHints":{"allow":["GET"]}}],"collection":[{"href":"https:\/\/linitiative.ca\/International\/wp-json\/wp\/v2\/posts"}],"about":[{"href":"https:\/\/linitiative.ca\/International\/wp-json\/wp\/v2\/types\/post"}],"author":[{"embeddable":true,"href":"https:\/\/linitiative.ca\/International\/wp-json\/wp\/v2\/users\/1760"}],"replies":[{"embeddable":true,"href":"https:\/\/linitiative.ca\/International\/wp-json\/wp\/v2\/comments?post=133286"}],"version-history":[{"count":0,"href":"https:\/\/linitiative.ca\/International\/wp-json\/wp\/v2\/posts\/133286\/revisions"}],"wp:attachment":[{"href":"https:\/\/linitiative.ca\/International\/wp-json\/wp\/v2\/media?parent=133286"}],"wp:term":[{"taxonomy":"category","embeddable":true,"href":"https:\/\/linitiative.ca\/International\/wp-json\/wp\/v2\/categories?post=133286"},{"taxonomy":"post_tag","embeddable":true,"href":"https:\/\/linitiative.ca\/International\/wp-json\/wp\/v2\/tags?post=133286"}],"curies":[{"name":"wp","href":"https:\/\/api.w.org\/{rel}","templated":true}]}}