{"id":133292,"date":"2021-11-18T12:12:38","date_gmt":"2021-11-18T17:12:38","guid":{"rendered":"https:\/\/linitiative.ca\/International\/rencontre-autour-de-la-nouvelle-loi-relative-a-la-police-portuaire\/"},"modified":"2021-11-18T12:12:38","modified_gmt":"2021-11-18T17:12:38","slug":"rencontre-autour-de-la-nouvelle-loi-relative-a-la-police-portuaire","status":"publish","type":"post","link":"https:\/\/linitiative.ca\/International\/rencontre-autour-de-la-nouvelle-loi-relative-a-la-police-portuaire\/","title":{"rendered":"Rencontre autour de la nouvelle loi relative \u00e0 la police portuaire"},"content":{"rendered":"<div>\n<div style=\"margin-bottom:20px;\"><img loading=\"lazy\" decoding=\"async\" width=\"750\" height=\"430\" src=\"https:\/\/linitiative.ca\/International\/wp-content\/uploads\/sites\/23\/2021\/11\/LOI-Police-portuaire-2-copier.jpg\" class=\"attachment-post-thumbnail size-post-thumbnail wp-post-image\" alt=\"\" srcset=\"https:\/\/linitiative.ca\/International\/wp-content\/uploads\/sites\/23\/2021\/11\/LOI-Police-portuaire-2-copier.jpg 750w, http:\/\/www.mapmarrakech.ma\/map\/uploads\/2021\/11\/LOI-Police-portuaire-2-copier-300x172.jpg 300w\" sizes=\"auto, (max-width: 750px) 100vw, 750px\"><\/div>\n<p>Tenue \u00e0 l\u2019invitation des services de la police portuaire de la Cit\u00e9 de l\u2019Oc\u00e9an, cette rencontre a connu la participation des repr\u00e9sentations professionnelles de la p\u00eache c\u00f4ti\u00e8re et de la p\u00eache artisanale au niveau des ports de p\u00eache de la province de Safi.<\/p>\n<p>Lors de cette s\u00e9ance de travail, il a \u00e9t\u00e9 proc\u00e9d\u00e9 \u00e0 la pr\u00e9sentation d\u2019un expos\u00e9 d\u00e9taill\u00e9 sur les dispositions de cette nouvelle loi, entr\u00e9e en vigueur en septembre dernier, visant \u00e0 prot\u00e9ger l\u2019installation portuaire, l\u2019organisation de ses activit\u00e9s, et la lutte contre tout ce qui peut endommager ses composantes.<\/p>\n<p>Il a \u00e9t\u00e9 aussi question de mettre l\u2019accent sur les risques de pollution et les multiples d\u00e9fis \u00e0 relever dans ce domaine, outre les aspects li\u00e9s \u00e0 la pollution dans l\u2019espace portuaire notamment, au niveau des quais, des bassins et des terres plates.<\/p>\n<p>Cette rencontre a offert aussi l\u2019occasion pour les intervenants d\u2019aborder le volet coercitif pr\u00e9vu dans cette nouvelle l\u00e9gislation (les amendes et les diff\u00e9rentes contraventions stipul\u00e9es dans l\u2019article 8) notamment, en ce qui concerne la pr\u00e9servation de l\u2019environnement et de la sant\u00e9.<\/p>\n<p>La loi n\u00b0 71.18 relative \u00e0 la police portuaire vise \u00e0 combler les lacunes du texte juridique de la police des ports maritimes, qui a \u00e9t\u00e9 publi\u00e9 le 28 avril 1961, et de mettre \u00e0 jour la l\u00e9gislation portuaire au Maroc, en conformit\u00e9 avec la Convention Internationale pour la Sauvegarde de la Vie Humaine en Mer (SOLAS) ainsi que le Code International pour la S\u00e9curit\u00e9 des Navires et des Installations Portuaires (International Ships and Port Facilities Code-ISPS).<\/p>\n<p>Cette loi s\u2019inscrit dans le cadre d\u2019un syst\u00e8me int\u00e9gr\u00e9 de gestion et d\u2019exploitation des ports, consid\u00e9rant les ports et les activit\u00e9s portuaires comme des maillons essentiels du d\u00e9veloppement socio-\u00e9conomique du Maroc.<\/p>\n<p>The post <a rel=\"nofollow\" href=\"http:\/\/www.mapmarrakech.ma\/fr\/rencontre-autour-de-la-nouvelle-loi-relative-a-la-police-portuaire\/\">Rencontre autour de la nouvelle loi relative \u00e0 la police portuaire<\/a> appeared first on <a rel=\"nofollow\" href=\"http:\/\/www.mapmarrakech.ma\/fr\">MapMarrakech<\/a>.<\/p>\n<\/div>\n<p>Auteur: Meriem IGASS<br \/>\n<a href=\"http:\/\/www.mapmarrakech.ma\/fr\/rencontre-autour-de-la-nouvelle-loi-relative-a-la-police-portuaire\/\">Cliquez ici pour lire l&rsquo;article depuis sa source.<\/a><\/p>\n","protected":false},"excerpt":{"rendered":"<p>Tenue \u00e0 l\u2019invitation des services de la police portuaire de la Cit\u00e9 de l\u2019Oc\u00e9an, cette rencontre a connu la participation des repr\u00e9sentations professionnelles de la p\u00eache c\u00f4ti\u00e8re et de la p\u00eache artisanale au niveau des ports de p\u00eache de la province de Safi. Lors de cette s\u00e9ance de travail, il a \u00e9t\u00e9 proc\u00e9d\u00e9 \u00e0 la [&hellip;]<\/p>\n","protected":false},"author":1788,"featured_media":0,"comment_status":"closed","ping_status":"closed","sticky":false,"template":"","format":"standard","meta":{"fifu_image_url":"http:\/\/www.mapmarrakech.ma\/map\/uploads\/2021\/11\/LOI-Police-portuaire-2-copier.jpg","fifu_image_alt":"Rencontre autour de la nouvelle loi relative \u00e0 la police portuaire","footnotes":""},"categories":[54,76],"tags":[],"class_list":["post-133292","post","type-post","status-publish","format-standard","hentry","category-maroc","category-regions"],"_links":{"self":[{"href":"https:\/\/linitiative.ca\/International\/wp-json\/wp\/v2\/posts\/133292","targetHints":{"allow":["GET"]}}],"collection":[{"href":"https:\/\/linitiative.ca\/International\/wp-json\/wp\/v2\/posts"}],"about":[{"href":"https:\/\/linitiative.ca\/International\/wp-json\/wp\/v2\/types\/post"}],"author":[{"embeddable":true,"href":"https:\/\/linitiative.ca\/International\/wp-json\/wp\/v2\/users\/1788"}],"replies":[{"embeddable":true,"href":"https:\/\/linitiative.ca\/International\/wp-json\/wp\/v2\/comments?post=133292"}],"version-history":[{"count":0,"href":"https:\/\/linitiative.ca\/International\/wp-json\/wp\/v2\/posts\/133292\/revisions"}],"wp:attachment":[{"href":"https:\/\/linitiative.ca\/International\/wp-json\/wp\/v2\/media?parent=133292"}],"wp:term":[{"taxonomy":"category","embeddable":true,"href":"https:\/\/linitiative.ca\/International\/wp-json\/wp\/v2\/categories?post=133292"},{"taxonomy":"post_tag","embeddable":true,"href":"https:\/\/linitiative.ca\/International\/wp-json\/wp\/v2\/tags?post=133292"}],"curies":[{"name":"wp","href":"https:\/\/api.w.org\/{rel}","templated":true}]}}