{"id":133294,"date":"2021-11-18T13:00:29","date_gmt":"2021-11-18T18:00:29","guid":{"rendered":"https:\/\/linitiative.ca\/International\/quand-le-judo-contribue-a-la-consecration-des-valeurs-de-coexistence\/"},"modified":"2021-11-18T13:00:29","modified_gmt":"2021-11-18T18:00:29","slug":"quand-le-judo-contribue-a-la-consecration-des-valeurs-de-coexistence","status":"publish","type":"post","link":"https:\/\/linitiative.ca\/International\/quand-le-judo-contribue-a-la-consecration-des-valeurs-de-coexistence\/","title":{"rendered":"Quand le judo contribue \u00e0 la cons\u00e9cration des valeurs de coexistence"},"content":{"rendered":"<div>\n<div style=\"margin-bottom:20px;\"><img loading=\"lazy\" decoding=\"async\" width=\"750\" height=\"430\" src=\"https:\/\/linitiative.ca\/International\/wp-content\/uploads\/sites\/23\/2021\/11\/judo-copier.jpg\" class=\"attachment-post-thumbnail size-post-thumbnail wp-post-image\" alt=\"\" srcset=\"https:\/\/linitiative.ca\/International\/wp-content\/uploads\/sites\/23\/2021\/11\/judo-copier.jpg 750w, http:\/\/www.mapmarrakech.ma\/map\/uploads\/2021\/11\/judo-copier-300x172.jpg 300w\" sizes=\"auto, (max-width: 750px) 100vw, 750px\"><\/div>\n<p>Ainsi, les benjamins, minimes et cadets des associations sportives souiries de \u00ab\u00a0Nokado\u00a0\u00bb pour l\u2019autod\u00e9fense, El Menzeh (Essaouira El Jadida), Ghazoua d\u2019Arts Martiaux et \u00ab\u00a0Tsouki\u00a0\u00bb pour l\u2019autod\u00e9fense, ont proc\u00e9d\u00e9 avec leurs \u00ab\u00a0nouveaux amis\u00a0\u00bb du club de Judo Meitav J\u00e9rusalem et du centre communautaire d\u2019Abu Gosh, \u00e0 l\u2019ex\u00e9cution de diff\u00e9rentes d\u00e9monstrations techniques \u00e0 l\u2019occasion de cette initiative de l\u2019Association Essaouira-Mogador.<\/p>\n<p>Dans une d\u00e9claration \u00e0 la MAP, la secr\u00e9taire g\u00e9n\u00e9rale de l\u2019Association Essaouira-Mogador, Kaoutar Chakir Benamara, a indiqu\u00e9 que cette manifestation a \u00e9t\u00e9 un moment fort de r\u00e9flexion sur les valeurs universelles que le judo et le sport en g\u00e9n\u00e9ral peuvent promouvoir: l\u2019amiti\u00e9, le respect, le partage et le dialogue, ajoutant qu\u2019il s\u2019agit de valeurs qui rapprochent toutes les communaut\u00e9s, abstraction faite de leurs races, leurs cultures et leurs croyances religieuses.<\/p>\n<p>Cet \u00e9v\u00e9nement sportif se veut \u00ab\u00a0un geste hautement symbolique pour faire comprendre qu\u2019Essaouira demeure l\u2019endroit o\u00f9 il est toujours possible de consolider la culture de la rencontre et de la paix\u00a0\u00bb.<\/p>\n<p>Pour sa part, le pr\u00e9sident de la F\u00e9d\u00e9ration isra\u00e9lienne de Judo, Ponte Moshe, a pr\u00e9cis\u00e9 que des athl\u00e8tes arabes et isra\u00e9liens sont affili\u00e9s \u00e0 ladite f\u00e9d\u00e9ration, ajoutant que l\u2019objectif principal est de rapprocher, \u00e0 travers le sport, les vues entre les Arabes et les Juifs.<\/p>\n<p>Il a aussi soulign\u00e9 l\u2019importance de ces clubs de judo, compos\u00e9s d\u2019athl\u00e8tes arabes et juifs, estimant possible l\u2019id\u00e9e de former, au sein de la f\u00e9d\u00e9ration, des \u00e9quipes de judokas arabes capables de r\u00e9aliser de grandes performances.<\/p>\n<p>De son c\u00f4t\u00e9, le maire d\u2019Abu Ghosh, Salim Jaber, s\u2019est r\u00e9joui de l\u2019organisation de cette manifestation au Maroc, terre de paix et de tol\u00e9rance, mettant en relief la notori\u00e9t\u00e9 d\u2019Essaouira en tant que cit\u00e9 reconnue \u00e0 l\u2019\u00e9chelle internationale comme un carrefour des religions et havre de paix et du vivre-ensemble.<\/p>\n<p>Il a \u00e9galement affirm\u00e9 qu\u2019Abu Ghosh est l\u2019exemple de la coexistence entre les Juifs et les Arabes, surtout que cette municipalit\u00e9 est compos\u00e9e \u00e0 95% d\u2019Arabes et de 5% de Juifs.<\/p>\n<p>M. Jaber n\u2019a pas manqu\u00e9 d\u2019exprimer sa profonde gratitude et ses vifs remerciements au peuple marocain, en g\u00e9n\u00e9ral, et aux habitants d\u2019Essaouira, en particulier, pour l\u2019accueil chaleureux r\u00e9serv\u00e9 \u00e0 cette d\u00e9l\u00e9gation.<\/p>\n<p>Quant au pr\u00e9sident de la ligue r\u00e9gionale de Marrakech-Safi de judo, Hicham Assoudi, il a relev\u00e9 que cette visite \u00e0 Essaouira est la 4\u00e8me apr\u00e8s celles effectu\u00e9es par cette d\u00e9l\u00e9gation \u00e0 Marrakech, Casablanca et Rabat.<\/p>\n<p>Cet \u00e9v\u00e9nement se veut l\u2019occasion pour les participants d\u2019\u00e9changer les exp\u00e9riences afin de faire du sport, et du judo en particulier, un pilier pour la cons\u00e9cration des valeurs de la paix, a-t-il dit.<\/p>\n<p>Cette manifestation a \u00e9t\u00e9 marqu\u00e9e notamment par la pr\u00e9sence du pr\u00e9sident du conseil communal d\u2019Essaouira, Tarik Ottmani, du directeur du centre communautaire Abu Ghosh, du directeur du club Meitav Judo J\u00e9rusalem, des repr\u00e9sentants de la F\u00e9d\u00e9ration Royale Marocaine de Judo et Arts Martiaux Assimil\u00e9s, ainsi que d\u2019autres acteurs.<\/p>\n<p>Ont \u00e9galement particip\u00e9 \u00e0 cet \u00e9v\u00e8nement, de grands noms du judo, dont les Marocains Younes Arab, Abdelhak Iaouj, Mohamed Habli, Mohamed Koussmate et Abderrahmane Koussmate, les Isra\u00e9liens Gadi Ben Lulu et Eliran Malca et le Palestinien Nidal Abu Kaff.<\/p>\n<p>The post <a rel=\"nofollow\" href=\"http:\/\/www.mapmarrakech.ma\/fr\/quand-le-judo-contribue-a-la-consecration-des-valeurs-de-coexistence\/\">Quand le judo contribue \u00e0 la cons\u00e9cration des valeurs de coexistence<\/a> appeared first on <a rel=\"nofollow\" href=\"http:\/\/www.mapmarrakech.ma\/fr\">MapMarrakech<\/a>.<\/p>\n<\/div>\n<p>Auteur: Meriem IGASS<br \/>\n<a href=\"http:\/\/www.mapmarrakech.ma\/fr\/quand-le-judo-contribue-a-la-consecration-des-valeurs-de-coexistence\/\">Cliquez ici pour lire l&rsquo;article depuis sa source.<\/a><\/p>\n","protected":false},"excerpt":{"rendered":"<p>Ainsi, les benjamins, minimes et cadets des associations sportives souiries de \u00ab\u00a0Nokado\u00a0\u00bb pour l\u2019autod\u00e9fense, El Menzeh (Essaouira El Jadida), Ghazoua d\u2019Arts Martiaux et \u00ab\u00a0Tsouki\u00a0\u00bb pour l\u2019autod\u00e9fense, ont proc\u00e9d\u00e9 avec leurs \u00ab\u00a0nouveaux amis\u00a0\u00bb du club de Judo Meitav J\u00e9rusalem et du centre communautaire d\u2019Abu Gosh, \u00e0 l\u2019ex\u00e9cution de diff\u00e9rentes d\u00e9monstrations techniques \u00e0 l\u2019occasion de cette initiative [&hellip;]<\/p>\n","protected":false},"author":1788,"featured_media":0,"comment_status":"closed","ping_status":"closed","sticky":false,"template":"","format":"standard","meta":{"fifu_image_url":"http:\/\/www.mapmarrakech.ma\/map\/uploads\/2021\/11\/judo-copier.jpg","fifu_image_alt":"Quand le judo contribue \u00e0 la cons\u00e9cration des valeurs de coexistence","footnotes":""},"categories":[54,76],"tags":[],"class_list":["post-133294","post","type-post","status-publish","format-standard","hentry","category-maroc","category-regions"],"_links":{"self":[{"href":"https:\/\/linitiative.ca\/International\/wp-json\/wp\/v2\/posts\/133294","targetHints":{"allow":["GET"]}}],"collection":[{"href":"https:\/\/linitiative.ca\/International\/wp-json\/wp\/v2\/posts"}],"about":[{"href":"https:\/\/linitiative.ca\/International\/wp-json\/wp\/v2\/types\/post"}],"author":[{"embeddable":true,"href":"https:\/\/linitiative.ca\/International\/wp-json\/wp\/v2\/users\/1788"}],"replies":[{"embeddable":true,"href":"https:\/\/linitiative.ca\/International\/wp-json\/wp\/v2\/comments?post=133294"}],"version-history":[{"count":0,"href":"https:\/\/linitiative.ca\/International\/wp-json\/wp\/v2\/posts\/133294\/revisions"}],"wp:attachment":[{"href":"https:\/\/linitiative.ca\/International\/wp-json\/wp\/v2\/media?parent=133294"}],"wp:term":[{"taxonomy":"category","embeddable":true,"href":"https:\/\/linitiative.ca\/International\/wp-json\/wp\/v2\/categories?post=133294"},{"taxonomy":"post_tag","embeddable":true,"href":"https:\/\/linitiative.ca\/International\/wp-json\/wp\/v2\/tags?post=133294"}],"curies":[{"name":"wp","href":"https:\/\/api.w.org\/{rel}","templated":true}]}}