{"id":133296,"date":"2021-11-18T13:16:14","date_gmt":"2021-11-18T18:16:14","guid":{"rendered":"https:\/\/linitiative.ca\/International\/celebration-des-fetes-de-la-marche-verte-et-de-lindependance\/"},"modified":"2021-11-18T13:16:14","modified_gmt":"2021-11-18T18:16:14","slug":"celebration-des-fetes-de-la-marche-verte-et-de-lindependance","status":"publish","type":"post","link":"https:\/\/linitiative.ca\/International\/celebration-des-fetes-de-la-marche-verte-et-de-lindependance\/","title":{"rendered":"C\u00e9l\u00e9bration des f\u00eates de la Marche Verte et de l\u2019Ind\u00e9pendance"},"content":{"rendered":"<div>\n<div style=\"margin-bottom:20px;\"><img loading=\"lazy\" decoding=\"async\" width=\"750\" height=\"430\" src=\"https:\/\/linitiative.ca\/International\/wp-content\/uploads\/sites\/23\/2021\/11\/sidi-bouatmane-copier.jpg\" class=\"attachment-post-thumbnail size-post-thumbnail wp-post-image\" alt=\"\" srcset=\"https:\/\/linitiative.ca\/International\/wp-content\/uploads\/sites\/23\/2021\/11\/sidi-bouatmane-copier.jpg 750w, http:\/\/www.mapmarrakech.ma\/map\/uploads\/2021\/11\/sidi-bouatmane-copier-300x172.jpg 300w\" sizes=\"auto, (max-width: 750px) 100vw, 750px\"><\/div>\n<p>Initi\u00e9 sous le th\u00e8me \u00ab\u00a0Je t\u2019aime ma patrie\u00a0\u00bb, ce Carnaval qui a connu la participation de plus de 1.000 jeunes issus de ladite commune, a sillonn\u00e9 les principales art\u00e8res de la ville de Sidi Bou Othmane, au rythme de musiques et chants patriotiques interpr\u00e9t\u00e9s, avec brio, par la troupe \u00ab\u00a0Nouhassia\u00a0\u00bb.<\/p>\n<p>Organis\u00e9e par la Direction provinciale du D\u00e9partement de la Jeunesse \u00e0 Rehamna, cette manifestation artistique a pour objectif de mettre en exergue les diff\u00e9rents aspects de l\u2019\u00e9pop\u00e9e rayonnante de la Marche Verte dans l\u2019histoire contemporaine du Maroc. Un \u00e9v\u00e9nement majeur qui se veut l\u2019illustration \u00e9clatante du g\u00e9nie politique de Feu SM Hassan II, et du choix pacifique adopt\u00e9 par le Royaume afin de r\u00e9cup\u00e9rer ses provinces du sud.<\/p>\n<p>Les diff\u00e9rentes activit\u00e9s organis\u00e9es dans le cadre de ce Carnaval ont \u00e9t\u00e9 aussi l\u2019occasion de mettre en relief les dimensions profondes de la F\u00eate de l\u2019Ind\u00e9pendance, qui demeurera, \u00e0 jamais, le moment idoine pour se rem\u00e9morer et revivifier cette symbiose exemplaire unissant le Glorieux Tr\u00f4ne Alaouite et le peuple marocain, et mettre en lumi\u00e8re les multiples efforts inlassables consentis dans la lutte ininterrompue pour s\u2019extirper du joug du colonialisme et instaurer un \u00c9tat de droit uni et ind\u00e9pendant.<\/p>\n<p>Dans une d\u00e9claration \u00e0 la MAP, le directeur provincial de la jeunesse, de la culture et de la communication, D\u00e9partement de la jeunesse, M. Abdellah Hadoune, a indiqu\u00e9 que la direction a organis\u00e9 une multitude d\u2019activit\u00e9s r\u00e9cr\u00e9atives, \u00e9ducatives et sportives dans la province de Rehamna, dans le cadre de la c\u00e9l\u00e9bration de ces deux F\u00eates si ch\u00e8res \u00e0 l\u2019ensemble des Marocains.<\/p>\n<p>Ces activit\u00e9s ont \u00e9t\u00e9 couronn\u00e9es par l\u2019organisation d\u2019un Carnaval, qui a connu une grande r\u00e9ussite, gr\u00e2ce au soutien des autorit\u00e9s locales, et des acteurs de la soci\u00e9t\u00e9 civile, en coordination avec le Conseil Communal de Sidi Bou Othmane, a-t-il ajout\u00e9, faisant savoir qu\u2019au menu de cette manifestation artistique, figuraient des d\u00e9monstrations sportives en Taekwondo, ainsi qu\u2019une c\u00e9r\u00e9monie en hommage \u00e0 03 b\u00e9n\u00e9voles ayant pris part \u00e0 la Glorieuse Marche Verte, issus de cette commune.<\/p>\n<p>Dans la m\u00eame lign\u00e9e, M. Hadoune, a soulign\u00e9 que ces activit\u00e9s se fixent pour finalit\u00e9 de consacrer et inculquer aux g\u00e9n\u00e9rations montantes, les vraies valeurs de citoyennet\u00e9 et de patriotisme, tout en les sensibilisant sur l\u2019importance de cette grande \u00e9pop\u00e9e dans l\u2019histoire du Maroc et dans le processus de parach\u00e8vement par le Royaume de son int\u00e9grit\u00e9 territoriale nationale.<\/p>\n<p>Ces activit\u00e9s se poursuivront tout au long du mois de novembre courant, dans la perspective de l\u2019organisation prochaine du Carnaval des figures nationales \u00e0 la ville de Bengu\u00e9rir, en c\u00e9l\u00e9bration des trois f\u00eates\u00a0: la Marche Verte, la f\u00eate du Retour et la F\u00eate de la Renaissance.<\/p>\n<p>La c\u00e9l\u00e9bration des ces f\u00eates, rappelle-t-on, constitue une occasion pour transmettre aux nouvelles g\u00e9n\u00e9rations toute la mesure des sacrifices consentis en vue de renforcer leur sens patriotique et leur appartenance \u00e0 la Patrie, de mani\u00e8re \u00e0 contribuer positivement au processus de d\u00e9veloppement du Maroc.<\/p>\n<p>The post <a rel=\"nofollow\" href=\"http:\/\/www.mapmarrakech.ma\/fr\/celebration-des-fetes-de-la-marche-verte-et-de-lindependance\/\">C\u00e9l\u00e9bration des f\u00eates de la Marche Verte et de l\u2019Ind\u00e9pendance<\/a> appeared first on <a rel=\"nofollow\" href=\"http:\/\/www.mapmarrakech.ma\/fr\">MapMarrakech<\/a>.<\/p>\n<\/div>\n<p>Auteur: Meriem IGASS<br \/>\n<a href=\"http:\/\/www.mapmarrakech.ma\/fr\/celebration-des-fetes-de-la-marche-verte-et-de-lindependance\/\">Cliquez ici pour lire l&rsquo;article depuis sa source.<\/a><\/p>\n","protected":false},"excerpt":{"rendered":"<p>Initi\u00e9 sous le th\u00e8me \u00ab\u00a0Je t\u2019aime ma patrie\u00a0\u00bb, ce Carnaval qui a connu la participation de plus de 1.000 jeunes issus de ladite commune, a sillonn\u00e9 les principales art\u00e8res de la ville de Sidi Bou Othmane, au rythme de musiques et chants patriotiques interpr\u00e9t\u00e9s, avec brio, par la troupe \u00ab\u00a0Nouhassia\u00a0\u00bb. Organis\u00e9e par la Direction provinciale [&hellip;]<\/p>\n","protected":false},"author":1788,"featured_media":0,"comment_status":"closed","ping_status":"closed","sticky":false,"template":"","format":"standard","meta":{"fifu_image_url":"http:\/\/www.mapmarrakech.ma\/map\/uploads\/2021\/11\/sidi-bouatmane-copier.jpg","fifu_image_alt":"C\u00e9l\u00e9bration des f\u00eates de la Marche Verte et de l\u2019Ind\u00e9pendance","footnotes":""},"categories":[54,76],"tags":[],"class_list":["post-133296","post","type-post","status-publish","format-standard","hentry","category-maroc","category-regions"],"_links":{"self":[{"href":"https:\/\/linitiative.ca\/International\/wp-json\/wp\/v2\/posts\/133296","targetHints":{"allow":["GET"]}}],"collection":[{"href":"https:\/\/linitiative.ca\/International\/wp-json\/wp\/v2\/posts"}],"about":[{"href":"https:\/\/linitiative.ca\/International\/wp-json\/wp\/v2\/types\/post"}],"author":[{"embeddable":true,"href":"https:\/\/linitiative.ca\/International\/wp-json\/wp\/v2\/users\/1788"}],"replies":[{"embeddable":true,"href":"https:\/\/linitiative.ca\/International\/wp-json\/wp\/v2\/comments?post=133296"}],"version-history":[{"count":0,"href":"https:\/\/linitiative.ca\/International\/wp-json\/wp\/v2\/posts\/133296\/revisions"}],"wp:attachment":[{"href":"https:\/\/linitiative.ca\/International\/wp-json\/wp\/v2\/media?parent=133296"}],"wp:term":[{"taxonomy":"category","embeddable":true,"href":"https:\/\/linitiative.ca\/International\/wp-json\/wp\/v2\/categories?post=133296"},{"taxonomy":"post_tag","embeddable":true,"href":"https:\/\/linitiative.ca\/International\/wp-json\/wp\/v2\/tags?post=133296"}],"curies":[{"name":"wp","href":"https:\/\/api.w.org\/{rel}","templated":true}]}}