{"id":133298,"date":"2021-11-18T13:45:26","date_gmt":"2021-11-18T18:45:26","guid":{"rendered":"https:\/\/linitiative.ca\/International\/bizmoune-la-decouverte-une-des-expressions-marquantes-de-lhumanite\/"},"modified":"2021-11-18T13:45:26","modified_gmt":"2021-11-18T18:45:26","slug":"bizmoune-la-decouverte-une-des-expressions-marquantes-de-lhumanite","status":"publish","type":"post","link":"https:\/\/linitiative.ca\/International\/bizmoune-la-decouverte-une-des-expressions-marquantes-de-lhumanite\/","title":{"rendered":"Bizmoune: La d\u00e9couverte, une des expressions marquantes de l\u2019Humanit\u00e9"},"content":{"rendered":"<div>\n<div style=\"margin-bottom:20px;\"><img loading=\"lazy\" decoding=\"async\" width=\"750\" height=\"430\" src=\"https:\/\/linitiative.ca\/International\/wp-content\/uploads\/sites\/23\/2021\/11\/bensaid-copier.jpg\" class=\"attachment-post-thumbnail size-post-thumbnail wp-post-image\" alt=\"\" srcset=\"https:\/\/linitiative.ca\/International\/wp-content\/uploads\/sites\/23\/2021\/11\/bensaid-copier.jpg 750w, http:\/\/www.mapmarrakech.ma\/map\/uploads\/2021\/11\/bensaid-copier-300x172.jpg 300w\" sizes=\"auto, (max-width: 750px) 100vw, 750px\"><\/div>\n<p>Cette d\u00e9couverte \u00e0 Essaouira, datant de 150.000 ans, met en avant la cr\u00e9ativit\u00e9 humaine \u00e0 travers des objets de parure faisant de cette partie de l\u2019Afrique du Nord un centre de cr\u00e9ation et de diffusion des innovations culturelles, a indiqu\u00e9 M. Bensaid dans son allocution lors d\u2019une c\u00e9r\u00e9monie pour la pr\u00e9sentation de la d\u00e9couverte principale de Bizmoune, rehauss\u00e9e par la pr\u00e9sence de M. Andr\u00e9 Azoulay, Conseiller de SM le Roi et Pr\u00e9sident-Fondateur de l\u2019Association Essaouira-Mogador et d\u2019un parterre d\u2019\u00e9minentes personnalit\u00e9s issues de divers horizons.<\/p>\n<p>Dans ces grottes de Bizmoune, des humains ont v\u00e9cu pour donner vie \u00e0 des coquillages, les per\u00e7ant et les rendant des objets d\u2019apparat, cr\u00e9ant ainsi un symbolisme et une communication non-verbale, a ajout\u00e9 le ministre lors de cette c\u00e9r\u00e9monie, qui s\u2019est d\u00e9roul\u00e9e au site historique et embl\u00e9matique de Chellah.<\/p>\n<p>De son c\u00f4t\u00e9, le professeur d\u2019arch\u00e9ologie pr\u00e9historique \u00e0 l\u2019Institut National des Sciences de l\u2019Arch\u00e9ologie et du Patrimoine (INSAP), Abdeljalil Bouzouggar, a mis en relief l\u2019apport incontestable et le r\u00f4le majeur du Maroc dans l\u2019Histoire de l\u2019Humanit\u00e9.<\/p>\n<p>Cette d\u00e9couverte arch\u00e9ologique d\u00e9montre la place du Royaume en tant que carrefour des civilisations et centre de diffusion culturelle, a affirm\u00e9 M. Bouzouggar, \u00e9galement directeur de l\u2019\u00e9quipe scientifique ayant men\u00e9 cette recherche arch\u00e9ologique, dans une d\u00e9claration \u00e0 \u00ab\u00a0M24\u2033, la cha\u00eene d\u2019information en continu de la MAP, ajoutant qu\u2019il s\u2019agit d\u00a0\u00bbun paradis pour les arch\u00e9ologues et g\u00e9ologues du monde\u00a0\u00bb.<\/p>\n<p>Notant que les prospections arch\u00e9ologiques pour trouver ces sites \u00e0 Essaouira ont d\u00e9but\u00e9 en 2007 alors que la grotte a \u00e9t\u00e9 d\u00e9couverte en 2008, il a expliqu\u00e9 que la d\u00e9couverte correspond \u00e0 une trentaine de coquilles marines, r\u00e9colt\u00e9es par les humains et issues d\u2019une mer qui \u00e9tait situ\u00e9e \u00e0 une cinquantaine de kilom\u00e8tres de la grotte de Bizmoune.<\/p>\n<p>Ces coquilles ont \u00e9t\u00e9 perfor\u00e9es et ocr\u00e9es par l\u2019utilisation d\u2019une substance rouge riche en oxyde de fer, a-t-il pr\u00e9cis\u00e9.<\/p>\n<p>Selon le chercheur, les implications de cette d\u00e9couverte r\u00e9v\u00e8lent pour la premi\u00e8re fois l\u2019utilisation pr\u00e9historique du corps humain en tant que support afin de communiquer avec ses semblables.<\/p>\n<p>Ces coquillages retrouv\u00e9s n\u2019ont pas \u00e9t\u00e9 uniquement port\u00e9s \u00e0 des fins d\u2019embellissement, mais aussi pour renvoyer des messages et mettre en avant une identit\u00e9 partag\u00e9e par un m\u00eame groupe, a-t-il affirm\u00e9, relevant que ces m\u00eames objets ont \u00e9t\u00e9 d\u00e9couverts dans diff\u00e9rents sites arch\u00e9ologiques en Afrique du Nord et en Afrique du Sud, \u00e0 des dates plus ou moins r\u00e9cents (35.000 ans et 75.000 ans).<\/p>\n<p>Dans le m\u00eame sillage, le chercheur et doctorant \u00e0 l\u2019universit\u00e9 d\u2019Arizona, Ismael Sanchez Morales, a r\u00e9affirm\u00e9, dans une d\u00e9claration \u00e0 \u00ab\u00a0M24\u00a0\u00bb, l\u2019importance majeure et la sp\u00e9cificit\u00e9 du site de Bizmoune, non seulement pour le Maroc, mais \u00e9galement pour l\u2019Humanit\u00e9 enti\u00e8re.<\/p>\n<p>Bizmoune a fourni et continue \u00e0 offrir une multitude d\u2019informations sur les origines de la pens\u00e9e symbolique humaine, a-t-il fait savoir.<\/p>\n<p>Cette d\u00e9couverte est une des preuves les plus anciennes (plus de 150.000 ans) du comportement humain, \u00e0 travers des pens\u00e9es symboliques qui incluent des coquillages marins utilis\u00e9s en tant que parures, avec des traces de peinture rouge d\u2019ocre retrouv\u00e9es, a dit M. Morales.<\/p>\n<p>La d\u00e9couverte principale de Bizmoune repr\u00e9sente 32 coquilles fa\u00e7onn\u00e9es de gast\u00e9ropodes marins dans un niveau datant de 142.000 \u00e0 150.000 ans. Ces artefacts fabriqu\u00e9s \u00e0 partir de coquilles de Tritia gibbosula constituent les plus anciens \u00e9l\u00e9ments de parure d\u00e9couverts \u00e0 ce jour.<\/p>\n<p>La grotte de Bizmoune est le nom que la population locale attribue \u00e0 cette cavit\u00e9. C\u2019est un mot issu de l\u2019Amazighe qui signifie l\u2019endroit aux lions ou la tani\u00e8re de la lionne<\/p>\n<p>The post <a rel=\"nofollow\" href=\"http:\/\/www.mapmarrakech.ma\/fr\/la-decouverte-de-bizmoune-une-des-expressions-marquantes-de-lhumanite\/\">Bizmoune: La d\u00e9couverte, une des expressions marquantes de l\u2019Humanit\u00e9<\/a> appeared first on <a rel=\"nofollow\" href=\"http:\/\/www.mapmarrakech.ma\/fr\">MapMarrakech<\/a>.<\/p>\n<\/div>\n<p>Auteur: Meriem IGASS<br \/>\n<a href=\"http:\/\/www.mapmarrakech.ma\/fr\/la-decouverte-de-bizmoune-une-des-expressions-marquantes-de-lhumanite\/\">Cliquez ici pour lire l&rsquo;article depuis sa source.<\/a><\/p>\n","protected":false},"excerpt":{"rendered":"<p>Cette d\u00e9couverte \u00e0 Essaouira, datant de 150.000 ans, met en avant la cr\u00e9ativit\u00e9 humaine \u00e0 travers des objets de parure faisant de cette partie de l\u2019Afrique du Nord un centre de cr\u00e9ation et de diffusion des innovations culturelles, a indiqu\u00e9 M. Bensaid dans son allocution lors d\u2019une c\u00e9r\u00e9monie pour la pr\u00e9sentation de la d\u00e9couverte principale [&hellip;]<\/p>\n","protected":false},"author":1788,"featured_media":0,"comment_status":"closed","ping_status":"closed","sticky":false,"template":"","format":"standard","meta":{"fifu_image_url":"http:\/\/www.mapmarrakech.ma\/map\/uploads\/2021\/11\/bensaid-copier.jpg","fifu_image_alt":"Bizmoune: La d\u00e9couverte, une des expressions marquantes de l\u2019Humanit\u00e9","footnotes":""},"categories":[54,76],"tags":[],"class_list":["post-133298","post","type-post","status-publish","format-standard","hentry","category-maroc","category-regions"],"_links":{"self":[{"href":"https:\/\/linitiative.ca\/International\/wp-json\/wp\/v2\/posts\/133298","targetHints":{"allow":["GET"]}}],"collection":[{"href":"https:\/\/linitiative.ca\/International\/wp-json\/wp\/v2\/posts"}],"about":[{"href":"https:\/\/linitiative.ca\/International\/wp-json\/wp\/v2\/types\/post"}],"author":[{"embeddable":true,"href":"https:\/\/linitiative.ca\/International\/wp-json\/wp\/v2\/users\/1788"}],"replies":[{"embeddable":true,"href":"https:\/\/linitiative.ca\/International\/wp-json\/wp\/v2\/comments?post=133298"}],"version-history":[{"count":0,"href":"https:\/\/linitiative.ca\/International\/wp-json\/wp\/v2\/posts\/133298\/revisions"}],"wp:attachment":[{"href":"https:\/\/linitiative.ca\/International\/wp-json\/wp\/v2\/media?parent=133298"}],"wp:term":[{"taxonomy":"category","embeddable":true,"href":"https:\/\/linitiative.ca\/International\/wp-json\/wp\/v2\/categories?post=133298"},{"taxonomy":"post_tag","embeddable":true,"href":"https:\/\/linitiative.ca\/International\/wp-json\/wp\/v2\/tags?post=133298"}],"curies":[{"name":"wp","href":"https:\/\/api.w.org\/{rel}","templated":true}]}}