{"id":133306,"date":"2021-11-18T09:38:58","date_gmt":"2021-11-18T14:38:58","guid":{"rendered":"https:\/\/linitiative.ca\/International\/la-ville-de-berkane-se-dote-dune-corniche-des-sports\/"},"modified":"2021-11-18T09:38:58","modified_gmt":"2021-11-18T14:38:58","slug":"la-ville-de-berkane-se-dote-dune-corniche-des-sports","status":"publish","type":"post","link":"https:\/\/linitiative.ca\/International\/la-ville-de-berkane-se-dote-dune-corniche-des-sports\/","title":{"rendered":"La ville de Berkane se dote d\u2019une corniche des sports"},"content":{"rendered":"<div>\n<div style=\"margin-bottom:20px;\"><img loading=\"lazy\" decoding=\"async\" width=\"750\" height=\"430\" src=\"https:\/\/linitiative.ca\/International\/wp-content\/uploads\/sites\/23\/2021\/11\/Corniche-des-sports-de-Berkane-750C397430-MAP-2.jpg\" class=\"attachment-post-thumbnail size-post-thumbnail wp-post-image\" alt=\"\" srcset=\"https:\/\/linitiative.ca\/International\/wp-content\/uploads\/sites\/23\/2021\/11\/Corniche-des-sports-de-Berkane-750C397430-MAP-2.jpg 750w, http:\/\/www.mapoujda.ma\/map\/uploads\/2021\/11\/Corniche-des-sports-de-Berkane-750\u00d7430-MAP-2-300x172.jpg 300w\" sizes=\"auto, (max-width: 750px) 100vw, 750px\"><\/div>\n<div>\n<p style=\"text-align: justify;\">La ville de Berkane s\u2019est dot\u00e9e d\u2019une corniche des sports, inaugur\u00e9e jeudi \u00e0 l\u2019occasion de la c\u00e9l\u00e9bration du 66\u00e8me anniversaire de la F\u00eate de l\u2019Ind\u00e9pendance.<\/p>\n<p style=\"text-align: justify;\">Le gouverneur de la province de Berkane, Mohamed Ali Habouha, accompagn\u00e9 d\u2019une d\u00e9l\u00e9gation de responsables et d\u2019\u00e9lus, a proc\u00e9d\u00e9 \u00e0 l\u2019inauguration de cette infrastructure, am\u00e9nag\u00e9e le long d\u2019Oued Chera\u00e2, aux abords du quartier de Bouhdila.<\/p>\n<p style=\"text-align: justify;\">Ce projet s\u2019inscrit dans le cadre de l\u2019am\u00e9nagement de la rive d\u2019Oued Chera\u00e2 dans la zone jouxtant le quartier de Bouhdila, en vertu de la convention de partenariat relative \u00e0 la politique de la ville et visant la mise \u00e0 niveau de la commune de Berkane pour la p\u00e9riode 2019-2021.<\/p>\n<p style=\"text-align: justify;\">Dot\u00e9 d\u2019une enveloppe globale de 16 millions de dirhams (MDH), ce projet est men\u00e9 en partenariat entre le minist\u00e8re de l\u2019Am\u00e9nagement du territoire national, de l\u2019urbanisme, de l\u2019habitat et de la politique de la ville, la pr\u00e9fecture de la province de Berkane et la commune territoriale de Berkane.<\/p>\n<p style=\"text-align: justify;\">Il porte notamment sur la construction d\u2019une route et l\u2019am\u00e9nagement des trottoirs, la cr\u00e9ation d\u2019espaces de promenade et d\u2019espaces verts et la mise en place de l\u2019\u00e9clairage public.<\/p>\n<p style=\"text-align: justify;\">Dans une d\u00e9claration \u00e0 la presse, Mohamed Bouya\u00e2laoui, vice-pr\u00e9sident du Conseil communal de Berkane, a indiqu\u00e9 que ce projet s\u2019inscrit dans le cadre de la mise \u00e0 niveau urbaine de la ville de Berkane, en vue de la doter d\u2019un espace de sports et de loisirs attrayant et renforcer ses infrastructures.<\/p>\n<p style=\"text-align: justify;\">Le projet est d\u2019autant plus important que cette zone \u00e9tait consid\u00e9r\u00e9e comme un point noir et un d\u00e9potoir notamment pour les d\u00e9chets de la construction, a-t-il relev\u00e9, notant que cette op\u00e9ration de r\u00e9habilitation a fait de cet espace un lieu agr\u00e9able pour la pratique du sport et la promenade, au profit des quartiers limitrophes et de l\u2019ensemble des habitants de Berkane et ses visiteurs.<\/p>\n<p style=\"text-align: justify;\">De son c\u00f4t\u00e9, Noureddine Saoud, chef du service des \u00e9tudes techniques et de l\u2019urbanisme \u00e0 la pr\u00e9fecture de la province de Berkane, a soulign\u00e9 que cette nouvelle corniche se veut un espace multifonctionnel de d\u00e9tente et de pratique des sports, en vue de r\u00e9concilier la population locale avec cette zone.<\/p>\n<p style=\"text-align: justify;\">Ce projet s\u2019inscrit dans le sillage d\u2019un chantier plus large visant l\u2019am\u00e9nagement d\u2019Oued Chera\u00e2, a-t-il affirm\u00e9, ajoutant que cette corniche accueillera plusieurs espaces sportifs multidisciplinaires dont les travaux devront \u00eatre lanc\u00e9s prochainement.<\/p>\n<\/div>\n<p>L\u2019article <a rel=\"nofollow\" href=\"http:\/\/www.mapoujda.ma\/fr\/la-ville-de-berkane-se-dote-dune-corniche-des-sports\/\">La ville de Berkane se dote d\u2019une corniche des sports<\/a> est apparu en premier sur <a rel=\"nofollow\" href=\"http:\/\/www.mapoujda.ma\/fr\">MapOujda<\/a>.<\/p>\n<\/div>\n<p>Auteur: Soufiane ELAHMAR<br \/>\n<a href=\"http:\/\/www.mapoujda.ma\/fr\/la-ville-de-berkane-se-dote-dune-corniche-des-sports\/\">Cliquez ici pour lire l&rsquo;article depuis sa source.<\/a><\/p>\n","protected":false},"excerpt":{"rendered":"<p>La ville de Berkane s\u2019est dot\u00e9e d\u2019une corniche des sports, inaugur\u00e9e jeudi \u00e0 l\u2019occasion de la c\u00e9l\u00e9bration du 66\u00e8me anniversaire de la F\u00eate de l\u2019Ind\u00e9pendance. Le gouverneur de la province de Berkane, Mohamed Ali Habouha, accompagn\u00e9 d\u2019une d\u00e9l\u00e9gation de responsables et d\u2019\u00e9lus, a proc\u00e9d\u00e9 \u00e0 l\u2019inauguration de cette infrastructure, am\u00e9nag\u00e9e le long d\u2019Oued Chera\u00e2, aux [&hellip;]<\/p>\n","protected":false},"author":1788,"featured_media":0,"comment_status":"closed","ping_status":"closed","sticky":false,"template":"","format":"standard","meta":{"fifu_image_url":"http:\/\/www.mapoujda.ma\/map\/uploads\/2021\/11\/Corniche-des-sports-de-Berkane-750\u00d7430-MAP-2.jpg","fifu_image_alt":"La ville de Berkane se dote d\u2019une corniche des sports","footnotes":""},"categories":[54,76],"tags":[],"class_list":["post-133306","post","type-post","status-publish","format-standard","hentry","category-maroc","category-regions"],"_links":{"self":[{"href":"https:\/\/linitiative.ca\/International\/wp-json\/wp\/v2\/posts\/133306","targetHints":{"allow":["GET"]}}],"collection":[{"href":"https:\/\/linitiative.ca\/International\/wp-json\/wp\/v2\/posts"}],"about":[{"href":"https:\/\/linitiative.ca\/International\/wp-json\/wp\/v2\/types\/post"}],"author":[{"embeddable":true,"href":"https:\/\/linitiative.ca\/International\/wp-json\/wp\/v2\/users\/1788"}],"replies":[{"embeddable":true,"href":"https:\/\/linitiative.ca\/International\/wp-json\/wp\/v2\/comments?post=133306"}],"version-history":[{"count":0,"href":"https:\/\/linitiative.ca\/International\/wp-json\/wp\/v2\/posts\/133306\/revisions"}],"wp:attachment":[{"href":"https:\/\/linitiative.ca\/International\/wp-json\/wp\/v2\/media?parent=133306"}],"wp:term":[{"taxonomy":"category","embeddable":true,"href":"https:\/\/linitiative.ca\/International\/wp-json\/wp\/v2\/categories?post=133306"},{"taxonomy":"post_tag","embeddable":true,"href":"https:\/\/linitiative.ca\/International\/wp-json\/wp\/v2\/tags?post=133306"}],"curies":[{"name":"wp","href":"https:\/\/api.w.org\/{rel}","templated":true}]}}