{"id":133309,"date":"2021-11-18T04:18:30","date_gmt":"2021-11-18T09:18:30","guid":{"rendered":"https:\/\/linitiative.ca\/International\/rabat-mise-en-service-de-la-tremie-sidi-makhlouf\/"},"modified":"2021-11-18T04:18:30","modified_gmt":"2021-11-18T09:18:30","slug":"rabat-mise-en-service-de-la-tremie-sidi-makhlouf","status":"publish","type":"post","link":"https:\/\/linitiative.ca\/International\/rabat-mise-en-service-de-la-tremie-sidi-makhlouf\/","title":{"rendered":"Rabat: mise en service de la tr\u00e9mie Sidi Makhlouf"},"content":{"rendered":"<div>\n<div class=\"field field-name-body field-type-text-with-summary field-label-hidden\">\n<div class=\"field-items\">\n<div class=\"field-item even\" property=\"content:encoded\">\n<p class=\"rtejustify\">La mise en service de la nouvelle tr\u00e9mie routi\u00e8re de Sidi Makhlouf, situ\u00e9e pr\u00e8s du Mausol\u00e9e Mohammed V, est pr\u00e9vue dimanche prochain (21 novembre), a annonc\u00e9 la Commune de Rabat.<\/p>\n<\/div>\n<\/div>\n<\/div>\n<\/div>\n<p>Auteur: mbasraoui<br \/>\n<a href=\"https:\/\/www.leconomiste.com\/flash-infos\/rabat-mise-en-service-de-la-tremie-sidi-makhlouf\">Cliquez ici pour lire l&rsquo;article depuis sa source.<\/a><\/p>\n","protected":false},"excerpt":{"rendered":"<p>La mise en service de la nouvelle tr\u00e9mie routi\u00e8re de Sidi Makhlouf, situ\u00e9e pr\u00e8s du Mausol\u00e9e Mohammed V, est pr\u00e9vue dimanche prochain (21 novembre), a annonc\u00e9 la Commune de Rabat. Auteur: mbasraoui Cliquez ici pour lire l&rsquo;article depuis sa source.<\/p>\n","protected":false},"author":1763,"featured_media":0,"comment_status":"closed","ping_status":"closed","sticky":false,"template":"","format":"standard","meta":{"fifu_image_url":"","fifu_image_alt":"","footnotes":""},"categories":[78,54],"tags":[],"class_list":["post-133309","post","type-post","status-publish","format-standard","hentry","category-economie","category-maroc"],"_links":{"self":[{"href":"https:\/\/linitiative.ca\/International\/wp-json\/wp\/v2\/posts\/133309","targetHints":{"allow":["GET"]}}],"collection":[{"href":"https:\/\/linitiative.ca\/International\/wp-json\/wp\/v2\/posts"}],"about":[{"href":"https:\/\/linitiative.ca\/International\/wp-json\/wp\/v2\/types\/post"}],"author":[{"embeddable":true,"href":"https:\/\/linitiative.ca\/International\/wp-json\/wp\/v2\/users\/1763"}],"replies":[{"embeddable":true,"href":"https:\/\/linitiative.ca\/International\/wp-json\/wp\/v2\/comments?post=133309"}],"version-history":[{"count":0,"href":"https:\/\/linitiative.ca\/International\/wp-json\/wp\/v2\/posts\/133309\/revisions"}],"wp:attachment":[{"href":"https:\/\/linitiative.ca\/International\/wp-json\/wp\/v2\/media?parent=133309"}],"wp:term":[{"taxonomy":"category","embeddable":true,"href":"https:\/\/linitiative.ca\/International\/wp-json\/wp\/v2\/categories?post=133309"},{"taxonomy":"post_tag","embeddable":true,"href":"https:\/\/linitiative.ca\/International\/wp-json\/wp\/v2\/tags?post=133309"}],"curies":[{"name":"wp","href":"https:\/\/api.w.org\/{rel}","templated":true}]}}