{"id":133314,"date":"2021-11-17T15:27:00","date_gmt":"2021-11-17T20:27:00","guid":{"rendered":"https:\/\/linitiative.ca\/International\/burkina-faso-kamou-malo-face-a-lalgerie-nous-avons-manque-dexperience\/"},"modified":"2021-11-17T15:27:00","modified_gmt":"2021-11-17T20:27:00","slug":"burkina-faso-kamou-malo-face-a-lalgerie-nous-avons-manque-dexperience","status":"publish","type":"post","link":"https:\/\/linitiative.ca\/International\/burkina-faso-kamou-malo-face-a-lalgerie-nous-avons-manque-dexperience\/","title":{"rendered":"Burkina Faso &#8211; Kamou Malo : \u00ab\u00a0Face \u00e0  l&rsquo;Alg\u00e9rie, nous avons manqu\u00e9 d&rsquo;exp\u00e9rience\u00a0\u00bb"},"content":{"rendered":"<div>Au terme du match nul face \u00e0 l&rsquo;Alg\u00e9rie, le s\u00e9lectionneur du Burkina Faso Kamou Malo s\u2019est satisfait de la prestation de ses joueurs et projette d\u00e9sormais sur la CAN 2021<\/div>\n<p>Auteur:<br \/>\n<a href=\"https:\/\/www.lebuteur.com\/article\/detail?titre=burkina-faso-kamou-malo-face-a-lalgerie-nous-avons-manque-dexperience&#038;id=101588\">Cliquez ici pour lire l&rsquo;article depuis sa source.<\/a><\/p>\n","protected":false},"excerpt":{"rendered":"<p>Au terme du match nul face \u00e0 l&rsquo;Alg\u00e9rie, le s\u00e9lectionneur du Burkina Faso Kamou Malo s\u2019est satisfait de la prestation de ses joueurs et projette d\u00e9sormais sur la CAN 2021 Auteur: Cliquez ici pour lire l&rsquo;article depuis sa source.<\/p>\n","protected":false},"author":1738,"featured_media":0,"comment_status":"closed","ping_status":"closed","sticky":false,"template":"","format":"standard","meta":{"fifu_image_url":"","fifu_image_alt":"","footnotes":""},"categories":[53,75],"tags":[],"class_list":["post-133314","post","type-post","status-publish","format-standard","hentry","category-algerie","category-sport"],"_links":{"self":[{"href":"https:\/\/linitiative.ca\/International\/wp-json\/wp\/v2\/posts\/133314","targetHints":{"allow":["GET"]}}],"collection":[{"href":"https:\/\/linitiative.ca\/International\/wp-json\/wp\/v2\/posts"}],"about":[{"href":"https:\/\/linitiative.ca\/International\/wp-json\/wp\/v2\/types\/post"}],"author":[{"embeddable":true,"href":"https:\/\/linitiative.ca\/International\/wp-json\/wp\/v2\/users\/1738"}],"replies":[{"embeddable":true,"href":"https:\/\/linitiative.ca\/International\/wp-json\/wp\/v2\/comments?post=133314"}],"version-history":[{"count":0,"href":"https:\/\/linitiative.ca\/International\/wp-json\/wp\/v2\/posts\/133314\/revisions"}],"wp:attachment":[{"href":"https:\/\/linitiative.ca\/International\/wp-json\/wp\/v2\/media?parent=133314"}],"wp:term":[{"taxonomy":"category","embeddable":true,"href":"https:\/\/linitiative.ca\/International\/wp-json\/wp\/v2\/categories?post=133314"},{"taxonomy":"post_tag","embeddable":true,"href":"https:\/\/linitiative.ca\/International\/wp-json\/wp\/v2\/tags?post=133314"}],"curies":[{"name":"wp","href":"https:\/\/api.w.org\/{rel}","templated":true}]}}