{"id":133337,"date":"2021-11-18T11:57:13","date_gmt":"2021-11-18T16:57:13","guid":{"rendered":"https:\/\/linitiative.ca\/International\/charles-saint-prot-le-maroc-a-realise-des-avancees-diplomatiques-majeures\/"},"modified":"2021-11-18T11:57:13","modified_gmt":"2021-11-18T16:57:13","slug":"charles-saint-prot-le-maroc-a-realise-des-avancees-diplomatiques-majeures","status":"publish","type":"post","link":"https:\/\/linitiative.ca\/International\/charles-saint-prot-le-maroc-a-realise-des-avancees-diplomatiques-majeures\/","title":{"rendered":"Charles Saint-Prot: le Maroc a r\u00e9alis\u00e9 des avanc\u00e9es diplomatiques \u201cmajeures\u201d"},"content":{"rendered":"<div><img decoding=\"async\" width=\"275\" height=\"183\" src=\"https:\/\/linitiative.ca\/International\/wp-content\/uploads\/sites\/23\/2021\/11\/ch.jpg\" class=\"attachment-post-thumbnail size-post-thumbnail wp-post-image\" alt=\"\" loading=\"lazy\" itemprop=\"image\">Le Maroc a r\u00e9alis\u00e9 des avanc\u00e9es diplomatiques majeures dans le dossier du Sahara marocain, a indiqu\u00e9, jeudi \u00e0 Dakhla, le directeur g\u00e9n\u00e9ral de l\u2019Observatoire d\u2019\u00e9tudes g\u00e9opolitiques (OEG), bas\u00e9 \u00e0 Paris, Charles Saint-Prot. \u201cDes avanc\u00e9es diplomatiques majeures ont \u00e9t\u00e9 r\u00e9alis\u00e9es par le Maroc depuis quelques ann\u00e9es, en l\u2019occurrence l\u2019adoption de r\u00e9solutions<\/div>\n<p>Auteur: challenge<br \/>\n<a href=\"https:\/\/www.challenge.ma\/charles-saint-prot-le-maroc-a-realise-des-avancees-diplomatiques-majeures-226393\/\">Cliquez ici pour lire l&rsquo;article depuis sa source.<\/a><\/p>\n","protected":false},"excerpt":{"rendered":"<p>Le Maroc a r\u00e9alis\u00e9 des avanc\u00e9es diplomatiques majeures dans le dossier du Sahara marocain, a indiqu\u00e9, jeudi \u00e0 Dakhla, le directeur g\u00e9n\u00e9ral de l\u2019Observatoire d\u2019\u00e9tudes g\u00e9opolitiques (OEG), bas\u00e9 \u00e0 Paris, Charles Saint-Prot. \u201cDes avanc\u00e9es diplomatiques majeures ont \u00e9t\u00e9 r\u00e9alis\u00e9es par le Maroc depuis quelques ann\u00e9es, en l\u2019occurrence l\u2019adoption de r\u00e9solutions Auteur: challenge Cliquez ici pour [&hellip;]<\/p>\n","protected":false},"author":1787,"featured_media":0,"comment_status":"closed","ping_status":"closed","sticky":false,"template":"","format":"standard","meta":{"fifu_image_url":"https:\/\/www.challenge.ma\/wp-content\/uploads\/2021\/11\/ch.jpg","fifu_image_alt":"Charles Saint-Prot: le Maroc a r\u00e9alis\u00e9 des avanc\u00e9es diplomatiques \u201cmajeures\u201d","footnotes":""},"categories":[78,54],"tags":[],"class_list":["post-133337","post","type-post","status-publish","format-standard","hentry","category-economie","category-maroc"],"_links":{"self":[{"href":"https:\/\/linitiative.ca\/International\/wp-json\/wp\/v2\/posts\/133337","targetHints":{"allow":["GET"]}}],"collection":[{"href":"https:\/\/linitiative.ca\/International\/wp-json\/wp\/v2\/posts"}],"about":[{"href":"https:\/\/linitiative.ca\/International\/wp-json\/wp\/v2\/types\/post"}],"author":[{"embeddable":true,"href":"https:\/\/linitiative.ca\/International\/wp-json\/wp\/v2\/users\/1787"}],"replies":[{"embeddable":true,"href":"https:\/\/linitiative.ca\/International\/wp-json\/wp\/v2\/comments?post=133337"}],"version-history":[{"count":0,"href":"https:\/\/linitiative.ca\/International\/wp-json\/wp\/v2\/posts\/133337\/revisions"}],"wp:attachment":[{"href":"https:\/\/linitiative.ca\/International\/wp-json\/wp\/v2\/media?parent=133337"}],"wp:term":[{"taxonomy":"category","embeddable":true,"href":"https:\/\/linitiative.ca\/International\/wp-json\/wp\/v2\/categories?post=133337"},{"taxonomy":"post_tag","embeddable":true,"href":"https:\/\/linitiative.ca\/International\/wp-json\/wp\/v2\/tags?post=133337"}],"curies":[{"name":"wp","href":"https:\/\/api.w.org\/{rel}","templated":true}]}}