{"id":133345,"date":"2021-11-18T16:03:43","date_gmt":"2021-11-18T21:03:43","guid":{"rendered":"https:\/\/linitiative.ca\/International\/tunisie-les-sfaxiens-decus-apres-la-tenue-du-conseil-des-ministres\/"},"modified":"2021-11-18T16:03:43","modified_gmt":"2021-11-18T21:03:43","slug":"tunisie-les-sfaxiens-decus-apres-la-tenue-du-conseil-des-ministres","status":"publish","type":"post","link":"https:\/\/linitiative.ca\/International\/tunisie-les-sfaxiens-decus-apres-la-tenue-du-conseil-des-ministres\/","title":{"rendered":"Tunisie \u2013 Les sfaxiens d\u00e9\u00e7us apr\u00e8s la tenue du conseil des ministres\u00a0!"},"content":{"rendered":"<div>\n<p>Les sfaxiens n\u2019en peuvent plus, de vivre au milieu des tas d\u2019ordures qui empestent et qui les \u00e9touffent. Ils ont tout essay\u00e9, entre eux, avec leurs \u00e9lus, avec les autorit\u00e9s r\u00e9gionales, avec l\u2019ANGeD, et m\u00eame avec le minist\u00e8re de l\u2019environnement. Rien \u00e0 faire\u00a0! Ils ont compris que tout ce beau monde est incapable de trouver [\u2026]<\/p>\n<p>L\u2019article <a href=\"https:\/\/www.tunisienumerique.com\/tunisie-les-sfaxiens-decus-apres-la-tenue-du-conseil-des-ministres\/\">Tunisie \u2013 Les sfaxiens d\u00e9\u00e7us apr\u00e8s la tenue du conseil des ministres\u00a0!<\/a> est apparu en premier sur <a href=\"https:\/\/www.tunisienumerique.com\/\">Tunisie<\/a>.<\/p>\n<\/div>\n<p>Auteur: Saber .<br \/>\n<a href=\"https:\/\/www.tunisienumerique.com\/tunisie-les-sfaxiens-decus-apres-la-tenue-du-conseil-des-ministres\/\">Cliquez ici pour lire l&rsquo;article depuis sa source.<\/a><\/p>\n","protected":false},"excerpt":{"rendered":"<p>Les sfaxiens n\u2019en peuvent plus, de vivre au milieu des tas d\u2019ordures qui empestent et qui les \u00e9touffent. Ils ont tout essay\u00e9, entre eux, avec leurs \u00e9lus, avec les autorit\u00e9s r\u00e9gionales, avec l\u2019ANGeD, et m\u00eame avec le minist\u00e8re de l\u2019environnement. Rien \u00e0 faire\u00a0! Ils ont compris que tout ce beau monde est incapable de trouver [&hellip;]<\/p>\n","protected":false},"author":1789,"featured_media":0,"comment_status":"closed","ping_status":"closed","sticky":false,"template":"","format":"standard","meta":{"fifu_image_url":"","fifu_image_alt":"","footnotes":""},"categories":[73,55],"tags":[],"class_list":["post-133345","post","type-post","status-publish","format-standard","hentry","category-actualite","category-tunisie"],"_links":{"self":[{"href":"https:\/\/linitiative.ca\/International\/wp-json\/wp\/v2\/posts\/133345","targetHints":{"allow":["GET"]}}],"collection":[{"href":"https:\/\/linitiative.ca\/International\/wp-json\/wp\/v2\/posts"}],"about":[{"href":"https:\/\/linitiative.ca\/International\/wp-json\/wp\/v2\/types\/post"}],"author":[{"embeddable":true,"href":"https:\/\/linitiative.ca\/International\/wp-json\/wp\/v2\/users\/1789"}],"replies":[{"embeddable":true,"href":"https:\/\/linitiative.ca\/International\/wp-json\/wp\/v2\/comments?post=133345"}],"version-history":[{"count":0,"href":"https:\/\/linitiative.ca\/International\/wp-json\/wp\/v2\/posts\/133345\/revisions"}],"wp:attachment":[{"href":"https:\/\/linitiative.ca\/International\/wp-json\/wp\/v2\/media?parent=133345"}],"wp:term":[{"taxonomy":"category","embeddable":true,"href":"https:\/\/linitiative.ca\/International\/wp-json\/wp\/v2\/categories?post=133345"},{"taxonomy":"post_tag","embeddable":true,"href":"https:\/\/linitiative.ca\/International\/wp-json\/wp\/v2\/tags?post=133345"}],"curies":[{"name":"wp","href":"https:\/\/api.w.org\/{rel}","templated":true}]}}