{"id":133348,"date":"2021-11-18T15:23:30","date_gmt":"2021-11-18T20:23:30","guid":{"rendered":"https:\/\/linitiative.ca\/International\/reunion-des-chefs-detat-major-de-la-cedeao-a-abidjan-sur-le-terrorisme\/"},"modified":"2021-11-18T15:23:30","modified_gmt":"2021-11-18T20:23:30","slug":"reunion-des-chefs-detat-major-de-la-cedeao-a-abidjan-sur-le-terrorisme","status":"publish","type":"post","link":"https:\/\/linitiative.ca\/International\/reunion-des-chefs-detat-major-de-la-cedeao-a-abidjan-sur-le-terrorisme\/","title":{"rendered":"REUNION DES CHEFS D\u2019ETAT-MAJOR DE LA CEDEAO A ABIDJAN SUR LE TERRORISME"},"content":{"rendered":"<div>\n<p><img decoding=\"async\" width=\"592\" height=\"296\" src=\"https:\/\/linitiative.ca\/International\/wp-content\/uploads\/sites\/23\/2021\/11\/CEDEAO-1.jpg\" class=\"attachment- size- wp-post-image\" alt=\"\" loading=\"lazy\" style=\"float:left; margin:0 15px 15px 0;\" srcset=\"https:\/\/linitiative.ca\/International\/wp-content\/uploads\/sites\/23\/2021\/11\/CEDEAO-1.jpg 592w, https:\/\/lepays.bf\/wp-content\/uploads\/2021\/11\/CEDEAO-1-300x150.jpg 300w\" sizes=\"auto, (max-width: 592px) 100vw, 592px\">Abidjan, la capitale \u00e9conomique de la C\u00f4te d\u2019Ivoire, accueille depuis le 17 novembre dernier, la 41e r\u00e9union du comit\u00e9 des chefs d\u2019\u00e9tat-major de la CEDEAO (communaut\u00e9 \u00e9conomique des Etats de l\u2019Afrique de l\u2019Ouest). Ce conclave des hauts-grad\u00e9s de la structure sous-r\u00e9gionale, le 41e du genre, se penchera sur la reconfiguration de l\u2019op\u00e9ration Barkhane et ses \u2026<\/p>\n<p>L\u2019article <a rel=\"nofollow\" href=\"https:\/\/lepays.bf\/reunion-des-chefs-detat-major-de-la-cedeao-a-abidjan-sur-le-terrorisme\/\">REUNION DES CHEFS D\u2019ETAT-MAJOR DE LA CEDEAO A ABIDJAN SUR LE TERRORISME<\/a> est apparu en premier sur <a rel=\"nofollow\" href=\"https:\/\/lepays.bf\/\">Editions Le Pays<\/a>.<\/p>\n<\/div>\n<p>Auteur: Editions LEPAYS<br \/>\n<a href=\"https:\/\/lepays.bf\/reunion-des-chefs-detat-major-de-la-cedeao-a-abidjan-sur-le-terrorisme\/\">Cliquez ici pour lire l&rsquo;article depuis sa source.<\/a><\/p>\n","protected":false},"excerpt":{"rendered":"<p>Abidjan, la capitale \u00e9conomique de la C\u00f4te d\u2019Ivoire, accueille depuis le 17 novembre dernier, la 41e r\u00e9union du comit\u00e9 des chefs d\u2019\u00e9tat-major de la CEDEAO (communaut\u00e9 \u00e9conomique des Etats de l\u2019Afrique de l\u2019Ouest). Ce conclave des hauts-grad\u00e9s de la structure sous-r\u00e9gionale, le 41e du genre, se penchera sur la reconfiguration de l\u2019op\u00e9ration Barkhane et ses [&hellip;]<\/p>\n","protected":false},"author":1813,"featured_media":0,"comment_status":"closed","ping_status":"closed","sticky":false,"template":"","format":"standard","meta":{"fifu_image_url":"https:\/\/lepays.bf\/wp-content\/uploads\/2021\/11\/CEDEAO-1.jpg","fifu_image_alt":"REUNION DES CHEFS D\u2019ETAT-MAJOR DE LA CEDEAO A ABIDJAN SUR LE TERRORISME","footnotes":""},"categories":[73,81],"tags":[],"class_list":["post-133348","post","type-post","status-publish","format-standard","hentry","category-actualite","category-burkina-faso"],"_links":{"self":[{"href":"https:\/\/linitiative.ca\/International\/wp-json\/wp\/v2\/posts\/133348","targetHints":{"allow":["GET"]}}],"collection":[{"href":"https:\/\/linitiative.ca\/International\/wp-json\/wp\/v2\/posts"}],"about":[{"href":"https:\/\/linitiative.ca\/International\/wp-json\/wp\/v2\/types\/post"}],"author":[{"embeddable":true,"href":"https:\/\/linitiative.ca\/International\/wp-json\/wp\/v2\/users\/1813"}],"replies":[{"embeddable":true,"href":"https:\/\/linitiative.ca\/International\/wp-json\/wp\/v2\/comments?post=133348"}],"version-history":[{"count":0,"href":"https:\/\/linitiative.ca\/International\/wp-json\/wp\/v2\/posts\/133348\/revisions"}],"wp:attachment":[{"href":"https:\/\/linitiative.ca\/International\/wp-json\/wp\/v2\/media?parent=133348"}],"wp:term":[{"taxonomy":"category","embeddable":true,"href":"https:\/\/linitiative.ca\/International\/wp-json\/wp\/v2\/categories?post=133348"},{"taxonomy":"post_tag","embeddable":true,"href":"https:\/\/linitiative.ca\/International\/wp-json\/wp\/v2\/tags?post=133348"}],"curies":[{"name":"wp","href":"https:\/\/api.w.org\/{rel}","templated":true}]}}