{"id":133350,"date":"2021-11-18T17:10:32","date_gmt":"2021-11-18T22:10:32","guid":{"rendered":"https:\/\/linitiative.ca\/International\/quand-nous-toucherons-le-fond\/"},"modified":"2021-11-18T17:10:32","modified_gmt":"2021-11-18T22:10:32","slug":"quand-nous-toucherons-le-fond","status":"publish","type":"post","link":"https:\/\/linitiative.ca\/International\/quand-nous-toucherons-le-fond\/","title":{"rendered":"Quand nous toucherons le fond\u2026"},"content":{"rendered":"<div>\n<p>Si les mots avaient encore un sens, j\u2019en \u00e9crirais des tonnes pour exprimer mon indignation et mon amertume \u00e0 qui de droit pour que mon Faso ne sombre pas. Mais \u00e0 quoi bon remuer le couteau dans la plaie quand la gangr\u00e8ne est insensible au traitement, parce que longtemps badigeonn\u00e9e et maquill\u00e9e \u00e0 la B\u00e9tadine ? A quoi bon crier \u00e0 tue-t\u00eate ma col\u00e8re, ma rage et ma r\u00e9volte face \u00e0 l\u2019implacable destin fatal que nous nous sommes impos\u00e9s nous-m\u00eames par complicit\u00e9 dans l\u2019indiff\u00e9rence et l\u2019incurie ?<\/p>\n<p>Dans le drame qui secoue mon pays, il y a des responsabilit\u00e9s, des culpabilit\u00e9s et m\u00eame des connivences av\u00e9r\u00e9es, mais dissimul\u00e9es par des gens \u00ab sains d\u2019esprit \u00bb, \u00ab bons \u00bb et \u00ab bien \u00bb aux yeux du monde. C\u2019est immonde ! Dans cette trag\u00e9die, il y a trop de non-dits et certains \u00e9rudits parodient m\u00eame avec nos vies en tentant d\u2019amadouer la temp\u00eate qui rousp\u00e8te dans un verre d\u2019eau. On n\u2019applaudit le magicien pour ses prouesses que quand on est soi-m\u00eame subjugu\u00e9 par ses tours, parce qu\u2019on ignore les d\u00e9tours de ces tours. Il y a des vautours parmi nous qui ne r\u00eavent que de charogne et sont pr\u00eats, sans vergogne \u00e0 franchir les limites du pire pour nourrir leur d\u00e9lire.<\/p>\n<p>On a beau chanter \u00e0 qui veut l\u2019entendre que l\u2019on ne pliera pas l\u2019\u00e9chine et que l\u2019on ne c\u00e8dera rien \u00e0 personne ; la r\u00e9alit\u00e9 au quotidien nous rappelle qu\u2019il ne suffit pas de le dire sans se d\u00e9dire pour exorciser le pire que l\u2019on nous fait subir. Il faut arr\u00eater de vagir pour agir et r\u00e9agir \u00e0 la hauteur des capacit\u00e9s de nuisance du vis-\u00e0-vis qui n\u2019est d\u2019ailleurs personne d\u2019autre que nous-m\u00eames. Malheureusement, la v\u00e9rit\u00e9 est devenue une denr\u00e9e rare au pays des hommes dit int\u00e8gres.<\/p>\n<p>Chacun parle, critique et accuse m\u00eame selon son bord, ses affinit\u00e9s et ses accointances politiques ; selon sa position sociale sur l\u2019\u00e9chelle alimentaire de l\u2019\u00e9go\u00efsme national. Pour un oui ou pour un non, on vous attribue un nom d\u2019oiseau et en fonction de votre plumage on vous dorlote dans le nid douillet de la complaisance ou on vous cloue le bec dans la cage des ennemis de la R\u00e9publique. C\u2019est h\u00e9r\u00e9tique de solliciter la cl\u00e9mence de Dieu quand Dieu lui-m\u00eame n\u2019existe et ne vaut rien dans nos vies intimes. C\u2019est utopique de penser que la tradition peut nous aider quand certains de ses garants se sont salis en s\u2019engluant dans les m\u00e9andres de la soupe politique sur fond de compromissions et de violations d\u2019interdits in\u00e9dits, incongrus avec la voie trac\u00e9e par nos dignes a\u00efeuls.<\/p>\n<p>Comment peuvent-ils encore jouer leur r\u00f4le d\u2019autorit\u00e9 morale, de leader d\u2019opinion, de m\u00e9diateur cr\u00e9dible et de fusible social quand dans leurs entrailles gargouillent les victuailles du double jeu des compromis du divorce d\u2019avec les dieux. L\u2019h\u00e9r\u00e9sie qui affaiblit, c\u2019est aussi l\u2019homme de Dieu qui, tout de blanc v\u00eatu et aux senteurs puritaines se dit et se montre pieux aux yeux du profane mais d\u00e9fie sa foi aux abois pour souffler \u00e0 la fois le froid et le chaud. L\u2019avenir d\u2019une nation ne repose pas que sur le Mat\u00e9riel, l\u2019argent, le pouvoir, les armes et la gloire ; il repose aussi et surtout sur le Spirituel, la pi\u00e9t\u00e9 et la piti\u00e9, la v\u00e9rit\u00e9 et l\u2019int\u00e9grit\u00e9.<\/p>\n<p>La \u00ab blancheur du ventre \u00bb est un m\u00e9dicament, la puret\u00e9 du c\u0153ur est un antidote. H\u00e9las, nous sommes trop sales dans nos conforts pour m\u00e9riter une place dans l\u2019arche. Nous sommes trop arrogants pour passer par le chas de l\u2019aiguille. Nous avons le nombril trop protub\u00e9rant pour savoir le dissimuler, m\u00eame dans un boubou ample. Dans ce marasme qui suscite le sarcasme des vampires, tapit le silence des \u00ab gens bien \u00bb. Certains se sont emmur\u00e9s dans une sorte de mutisme par d\u00e9pit, pendant que d\u2019autres portent la museli\u00e8re du \u00ab chien m\u00e9chant \u00bb qui peut se retourner contre le ma\u00eetre.<\/p>\n<p>Il y a ceux-l\u00e0 qui pensent que le silence est d\u2019or et se taisent pour faire des calculs \u00e0 la r\u00e8gle de trois ; leurs avis est un cocktail au go\u00fbt mi-figue mi-raisin et leurs convictions sont un ramassis d\u2019id\u00e9es re\u00e7ues et impersonnelles qu\u2019ils prononcent en balbutiant. Ils finissent par adopter la posture du funambule qui joue \u00e0 l\u2019\u00e9quilibriste en jonglant au centre et en se dandinant de gauche \u00e0 droite tout en jaugeant leur chance de rester sur la corde du salut ou de chuter dans le vide des incertitudes.<\/p>\n<p>Mais la le\u00e7on dit que si les crabes avaient juste un peu de bon sens et de patience, ils sortiraient tous du panier sans anicroche. Mais comme dans le champ des singes, pendant que les uns s\u00e8ment, les autres d\u00e9terrent et grignotent les semences. Comme l\u2019\u00e9l\u00e9phant m\u00e2le du redoutable roi qui d\u00e9vaste impun\u00e9ment chaque saison les champs des pauvres sujets ; le jour de v\u00e9rit\u00e9, quand le porte-parole des victimes secoue sa t\u00eate de d\u00e9tresse avant d\u2019entonner comme convenu \u00ab \u00d4 cher roi ador\u00e9, votre \u00e9l\u00e9phant\u2026 Votre \u00e9l\u00e9phant\u2026 \u00bb, mais que les autres sujets manquent de courage pour encha\u00eener \u00e0 l\u2019unisson : \u00ab Ah cher roi, l\u2019\u00e9l\u00e9phant d\u00e9vaste nos champs ! \u00bb Alors, le porte-parole, intimid\u00e9 par le roi impatient, finit par l\u00e2cher : \u00ab Majest\u00e9, rien de grave !<\/p>\n<p>Votre \u00e9l\u00e9phant est seul et s\u2019ennuie et nous en souffrons profond\u00e9ment. Nous venons vous demander de lui chercher une femelle \u00bb. Et le roi ordonne \u00e0 sa garde et aux m\u00eames sujets de trouver vite un \u00e9l\u00e9phant femelle pour son m\u00e2le. Mon pays est devenu la caverne de Platon ; pendant que les uns prennent les ombres pour la r\u00e9alit\u00e9, les autres ram\u00e8nent la r\u00e9alit\u00e9 \u00e0 un imaginaire d\u00e9bonnaire. C\u2019est suicidaire, mais quand nous toucherons le fond, nous remonterons aussit\u00f4t \u00e0 la surface pour savoir appr\u00e9cier le souffle de vie qui manque \u00e0 notre survie.<\/p>\n<p style=\"text-align: right\"><strong>Cl\u00e9ment ZONGO<\/strong><\/p>\n<p style=\"text-align: right\">clmentzongo@yahoo.fr<\/p>\n<p>L\u2019article <a rel=\"nofollow\" href=\"https:\/\/www.sidwaya.info\/blog\/2021\/11\/18\/quand-nous-toucherons-le-fond\/\">Quand nous toucherons le fond\u2026<\/a> est apparu en premier sur <a rel=\"nofollow\" href=\"https:\/\/www.sidwaya.info\/\">Quotidien Sidwaya<\/a>.<\/p>\n<\/div>\n<p>Auteur: JK. Sidwaya<br \/>\n<a href=\"https:\/\/www.sidwaya.info\/blog\/2021\/11\/18\/quand-nous-toucherons-le-fond\/\">Cliquez ici pour lire l&rsquo;article depuis sa source.<\/a><\/p>\n","protected":false},"excerpt":{"rendered":"<p>Si les mots avaient encore un sens, j\u2019en \u00e9crirais des tonnes pour exprimer mon indignation et mon amertume \u00e0 qui de droit pour que mon Faso ne sombre pas. Mais \u00e0 quoi bon remuer le couteau dans la plaie quand la gangr\u00e8ne est insensible au traitement, parce que longtemps badigeonn\u00e9e et maquill\u00e9e \u00e0 la B\u00e9tadine [&hellip;]<\/p>\n","protected":false},"author":1816,"featured_media":0,"comment_status":"closed","ping_status":"closed","sticky":false,"template":"","format":"standard","meta":{"fifu_image_url":"","fifu_image_alt":"","footnotes":""},"categories":[73,81],"tags":[],"class_list":["post-133350","post","type-post","status-publish","format-standard","hentry","category-actualite","category-burkina-faso"],"_links":{"self":[{"href":"https:\/\/linitiative.ca\/International\/wp-json\/wp\/v2\/posts\/133350","targetHints":{"allow":["GET"]}}],"collection":[{"href":"https:\/\/linitiative.ca\/International\/wp-json\/wp\/v2\/posts"}],"about":[{"href":"https:\/\/linitiative.ca\/International\/wp-json\/wp\/v2\/types\/post"}],"author":[{"embeddable":true,"href":"https:\/\/linitiative.ca\/International\/wp-json\/wp\/v2\/users\/1816"}],"replies":[{"embeddable":true,"href":"https:\/\/linitiative.ca\/International\/wp-json\/wp\/v2\/comments?post=133350"}],"version-history":[{"count":0,"href":"https:\/\/linitiative.ca\/International\/wp-json\/wp\/v2\/posts\/133350\/revisions"}],"wp:attachment":[{"href":"https:\/\/linitiative.ca\/International\/wp-json\/wp\/v2\/media?parent=133350"}],"wp:term":[{"taxonomy":"category","embeddable":true,"href":"https:\/\/linitiative.ca\/International\/wp-json\/wp\/v2\/categories?post=133350"},{"taxonomy":"post_tag","embeddable":true,"href":"https:\/\/linitiative.ca\/International\/wp-json\/wp\/v2\/tags?post=133350"}],"curies":[{"name":"wp","href":"https:\/\/api.w.org\/{rel}","templated":true}]}}