{"id":133351,"date":"2021-11-18T17:13:44","date_gmt":"2021-11-18T22:13:44","guid":{"rendered":"https:\/\/linitiative.ca\/International\/mise-en-oeuvre-du-pndes-ii-la-boad-veut-accompagner-le-burkina\/"},"modified":"2021-11-18T17:13:44","modified_gmt":"2021-11-18T22:13:44","slug":"mise-en-oeuvre-du-pndes-ii-la-boad-veut-accompagner-le-burkina","status":"publish","type":"post","link":"https:\/\/linitiative.ca\/International\/mise-en-oeuvre-du-pndes-ii-la-boad-veut-accompagner-le-burkina\/","title":{"rendered":"Mise en \u0153uvre du PNDES II: La BOAD veut accompagner le Burkina"},"content":{"rendered":"<div>\n<p>Le Pr\u00e9sident du Faso, Roch Marc Christian Kabor\u00e9, a re\u00e7u en audience, le jeudi 18 novembre 2021 \u00e0 Ouaga-dougou, le pr\u00e9sident de la Banque ouest-africaine de d\u00e9veloppement (BOAD), Serges Eku\u00e9. L\u2019h\u00f4te du jour a dit \u00eatre venu pr\u00e9senter ses condol\u00e9ances au pr\u00e9sident du Faso et au peuple burkinab\u00e8 \u00e0 la suite de l\u2019attaque d\u2019Inata. \u00ab Nous sommes venus d\u2019abord marquer notre solidarit\u00e9 au pr\u00e9sident du Faso et au peuple burkinab\u00e8 qui traversent des moments difficiles. Nous avons abord\u00e9 d\u2019autres questions dont celle de l\u2019augmentation de notre capital \u00bb, a-t-il confi\u00e9.<\/p>\n<p>A en croire le pr\u00e9sident de la BOAD, l\u2019augmentation du capital de l\u2019institution qu\u2019il pr\u00e9side sera un moyen qui va permettre \u00e0 la BOAD d\u2019augmenter tr\u00e8s largement sa capacit\u00e9 de financement dans la zone et singuli\u00e8rement sa capacit\u00e9 \u00e0 accompagner le Plan national de d\u00e9velop-pement \u00e9conomique et social (PNDES). Lors de l\u2019audience, M. Eku\u00e9 a dit avoir partag\u00e9 avec le pr\u00e9sident du Faso de \u00ab bonnes nouvelles \u00bb.<\/p>\n<p>Il s\u2019agit, selon ses dires, de la notation de la BOAD par l\u2019agence de notation Fitch. Selon le pr\u00e9sident Eku\u00e9, \u00ab cette reconduction est la reconnaissance sur le plan international, de la qualit\u00e9 de la gouvernance de l\u2019institu-tion, de la bonne ex\u00e9cution de ses missions au service du d\u00e9veloppement de la sous-r\u00e9gion\u00bb. En retour, a-t-il confi\u00e9, la BOAD a re\u00e7u les encouragements et les conseils du pr\u00e9sident Kabor\u00e9.<\/p>\n<p style=\"text-align: right\"><strong>Emmanuel BICABA <\/strong><\/p>\n<p>L\u2019article <a rel=\"nofollow\" href=\"https:\/\/www.sidwaya.info\/blog\/2021\/11\/18\/mise-en-oeuvre-du-pndes-ii-la-boad-veut-accompagner-le-burkina\/\">Mise en \u0153uvre du PNDES II: La BOAD veut accompagner le Burkina<\/a> est apparu en premier sur <a rel=\"nofollow\" href=\"https:\/\/www.sidwaya.info\/\">Quotidien Sidwaya<\/a>.<\/p>\n<\/div>\n<p>Auteur: JK. Sidwaya<br \/>\n<a href=\"https:\/\/www.sidwaya.info\/blog\/2021\/11\/18\/mise-en-oeuvre-du-pndes-ii-la-boad-veut-accompagner-le-burkina\/\">Cliquez ici pour lire l&rsquo;article depuis sa source.<\/a><\/p>\n","protected":false},"excerpt":{"rendered":"<p>Le Pr\u00e9sident du Faso, Roch Marc Christian Kabor\u00e9, a re\u00e7u en audience, le jeudi 18 novembre 2021 \u00e0 Ouaga-dougou, le pr\u00e9sident de la Banque ouest-africaine de d\u00e9veloppement (BOAD), Serges Eku\u00e9. L\u2019h\u00f4te du jour a dit \u00eatre venu pr\u00e9senter ses condol\u00e9ances au pr\u00e9sident du Faso et au peuple burkinab\u00e8 \u00e0 la suite de l\u2019attaque d\u2019Inata. \u00ab [&hellip;]<\/p>\n","protected":false},"author":1816,"featured_media":0,"comment_status":"closed","ping_status":"closed","sticky":false,"template":"","format":"standard","meta":{"fifu_image_url":"","fifu_image_alt":"","footnotes":""},"categories":[73,81],"tags":[],"class_list":["post-133351","post","type-post","status-publish","format-standard","hentry","category-actualite","category-burkina-faso"],"_links":{"self":[{"href":"https:\/\/linitiative.ca\/International\/wp-json\/wp\/v2\/posts\/133351","targetHints":{"allow":["GET"]}}],"collection":[{"href":"https:\/\/linitiative.ca\/International\/wp-json\/wp\/v2\/posts"}],"about":[{"href":"https:\/\/linitiative.ca\/International\/wp-json\/wp\/v2\/types\/post"}],"author":[{"embeddable":true,"href":"https:\/\/linitiative.ca\/International\/wp-json\/wp\/v2\/users\/1816"}],"replies":[{"embeddable":true,"href":"https:\/\/linitiative.ca\/International\/wp-json\/wp\/v2\/comments?post=133351"}],"version-history":[{"count":0,"href":"https:\/\/linitiative.ca\/International\/wp-json\/wp\/v2\/posts\/133351\/revisions"}],"wp:attachment":[{"href":"https:\/\/linitiative.ca\/International\/wp-json\/wp\/v2\/media?parent=133351"}],"wp:term":[{"taxonomy":"category","embeddable":true,"href":"https:\/\/linitiative.ca\/International\/wp-json\/wp\/v2\/categories?post=133351"},{"taxonomy":"post_tag","embeddable":true,"href":"https:\/\/linitiative.ca\/International\/wp-json\/wp\/v2\/tags?post=133351"}],"curies":[{"name":"wp","href":"https:\/\/api.w.org\/{rel}","templated":true}]}}